{"id":271771,"date":"2025-10-03T11:30:46","date_gmt":"2025-10-03T09:30:46","guid":{"rendered":"https:\/\/www.quicosenza.it\/news\/?p=271771"},"modified":"2025-10-03T11:08:36","modified_gmt":"2025-10-03T09:08:36","slug":"rende-allunical-il-quindicesimo-anno-di-pedagogia-dellantimafia-un-progetto-unico-in-italia","status":"publish","type":"post","link":"https:\/\/quicosenza.it\/news\/rende-allunical-il-quindicesimo-anno-di-pedagogia-dellantimafia-un-progetto-unico-in-italia\/","title":{"rendered":"Rende: all\u2019UniCal il quindicesimo anno di \u201cPedagogia dell\u2019Antimafia\u201d, un progetto unico in Italia"},"content":{"rendered":"<p>RENDE &#8211; Nell\u2019aula Solano dell\u2019<strong>Universit\u00e0 della Calabria<\/strong>, con l\u2019avvio delle lezioni, \u00e8 iniziato il quindicesimo anno del progetto <a href=\"https:\/\/quicosenza.it\/news\/area-urbana\/rende-unical-domani-parte-il-15-anno-del-progetto-pedagogia-dellantimafia\">Pedagogia dell\u2019Antimafia<\/a>, promosso dal <strong>Dipartimento di Culture, Educazione e Societ\u00e0.<\/strong><\/p>\n<h3><strong>Pedagogia dell\u2019Antimafia nasce il 23\u00a0 maggio 2011<\/strong><\/h3>\n<h6>\n<strong>Nato il 23 maggio 2011<\/strong> come percorso seminariale all\u2019interno della Facolt\u00e0 di Lettere e Filosofia, il progetto \u00e8 divenuto, a partire dall\u2019anno accademico 2018-2019, insegnamento di base del corso di laurea in Scienze dell\u2019Educazione. Un traguardo che ne ha fatto un\u2019esperienza unica nel panorama universitario italiano delle Scienze dell\u2019Educazione e Pedagogiche.<\/h6>\n<p>L\u2019obiettivo \u00e8 ambizioso: favorire la riterritorializzazione culturale della Calabria, intesa come emancipazione civile e sociale, partendo dal linguaggio dei giovani. Le attivit\u00e0 didattiche, svolte sia in aula sia sul territorio, si fondano su un approccio critico che mette in discussione la \u201ccultura delle sudditanze\u201d, terreno fertile per dinamiche clientelari e mafiose. La sfida \u00e8 costruire un nuovo vocabolario sociale fondato su giustizia, dignit\u00e0 e libert\u00e0, capace di superare rassegnazione e sottomissione.<\/p>\n<p>Con il nuovo anno accademico, l\u2019<a href=\"https:\/\/www.unical.it\/\" rel=\"noopener\">UniCal<\/a> rilancia dunque una proposta formativa che \u00e8 al tempo stesso didattica, etica e civile, con l\u2019obiettivo di formare generazioni capaci di riconoscere e spezzare le logiche di <strong>potere mafioso<\/strong>, costruendo un futuro basato sulla libert\u00e0 e sulla responsabilit\u00e0 collettiva.<\/p>\n<p>\u201cLa speranza \u2013 ha spiegato il professor <strong>Giancarlo Costabile<\/strong> &#8211; rimangono i giovani, se troviamo il modo di tenerli in Calabria, dopo aver costruito con loro un percorso di coscientizzazione fin quando le leve delle migrazioni, rappresenteranno l&#8217;unico elemento di protesta sociale vera, a queste latitudini, noi avremo perso la partita della democrazia dei diritti e dei doveri in Calabria\u201d<\/p>\n","protected":false},"excerpt":{"rendered":"<p>RENDE &#8211; Nell\u2019aula Solano dell\u2019Universit\u00e0 della Calabria, con l\u2019avvio delle lezioni, \u00e8 iniziato il quindicesimo anno del progetto Pedagogia dell\u2019Antimafia, promosso dal Dipartimento di Culture, Educazione e Societ\u00e0. Pedagogia dell\u2019Antimafia nasce il 23\u00a0 maggio 2011 Nato il 23 maggio 2011 come percorso seminariale all\u2019interno della Facolt\u00e0 di Lettere e Filosofia, il progetto \u00e8 divenuto, a [&hellip;]<\/p>\n","protected":false},"author":59,"featured_media":271772,"comment_status":"closed","ping_status":"closed","sticky":false,"template":"","format":"video","meta":{"_acf_changed":false,"footnotes":"","jetpack_publicize_message":"","jetpack_publicize_feature_enabled":true,"jetpack_social_post_already_shared":false,"jetpack_social_options":{"image_generator_settings":{"template":"highway","default_image_id":0,"font":"","enabled":false},"version":2}},"categories":[563,44],"tags":[19,135],"class_list":["post-271771","post","type-post","status-publish","format-video","has-post-thumbnail","hentry","category-area-urbana","category-rende","tag-copertina","tag-video","post_format-post-format-video"],"acf":[],"jetpack_publicize_connections":[],"_links":{"self":[{"href":"https:\/\/quicosenza.it\/news\/wp-json\/wp\/v2\/posts\/271771","targetHints":{"allow":["GET"]}}],"collection":[{"href":"https:\/\/quicosenza.it\/news\/wp-json\/wp\/v2\/posts"}],"about":[{"href":"https:\/\/quicosenza.it\/news\/wp-json\/wp\/v2\/types\/post"}],"author":[{"embeddable":true,"href":"https:\/\/quicosenza.it\/news\/wp-json\/wp\/v2\/users\/59"}],"replies":[{"embeddable":true,"href":"https:\/\/quicosenza.it\/news\/wp-json\/wp\/v2\/comments?post=271771"}],"version-history":[{"count":0,"href":"https:\/\/quicosenza.it\/news\/wp-json\/wp\/v2\/posts\/271771\/revisions"}],"wp:featuredmedia":[{"embeddable":true,"href":"https:\/\/quicosenza.it\/news\/wp-json\/wp\/v2\/media\/271772"}],"wp:attachment":[{"href":"https:\/\/quicosenza.it\/news\/wp-json\/wp\/v2\/media?parent=271771"}],"wp:term":[{"taxonomy":"category","embeddable":true,"href":"https:\/\/quicosenza.it\/news\/wp-json\/wp\/v2\/categories?post=271771"},{"taxonomy":"post_tag","embeddable":true,"href":"https:\/\/quicosenza.it\/news\/wp-json\/wp\/v2\/tags?post=271771"}],"curies":[{"name":"wp","href":"https:\/\/api.w.org\/{rel}","templated":true}]}}