{"id":271777,"date":"2025-10-03T17:00:36","date_gmt":"2025-10-03T15:00:36","guid":{"rendered":"https:\/\/www.quicosenza.it\/news\/?p=271777"},"modified":"2025-10-03T13:26:48","modified_gmt":"2025-10-03T11:26:48","slug":"cosenza-allarenella-torna-seconda-chance-riuso-comunita-e-sostegno-al-popolo-palestinese","status":"publish","type":"post","link":"https:\/\/quicosenza.it\/news\/cosenza-allarenella-torna-seconda-chance-riuso-comunita-e-sostegno-al-popolo-palestinese\/","title":{"rendered":"Cosenza, all&#8217;Arenella torna \u201cSeconda Chance\u201d: riuso, comunit\u00e0 e sostegno al popolo palestinese"},"content":{"rendered":"<p>COSENZA &#8211; Piazza Arenella a Cosenza domani, sabato 4 ottobre dalle ore 10, ospiter\u00e0 una nuova edizione di \u201c<a href=\"https:\/\/quicosenza.it\/news\/area-urbana\/a-cosenza-la-fiera-del-riuso-per-vendere-e-acquistare-oggetti-da-seconda-chance\"><strong>Seconda Chance<\/strong><\/a>\u201d, la fiera dedicata al riuso e all\u2019economia circolare, organizzata dal Munnizza Social Club. Questa <strong>edizione<\/strong> sar\u00e0 <strong>speciale<\/strong>: al centro non solo la sostenibilit\u00e0 e il riutilizzo degli oggetti, ma anche una forte presa di posizione contro il genocidio in atto in Palestina. L\u2019evento si inserisce infatti nella settimana di mobilitazione cittadina a sostegno del popolo palestinese, denunciando le responsabilit\u00e0 di governi e potenze occidentali nel conflitto.<\/p>\n<p>Vestiti, libri, giochi, piccoli arredi e utensili: <strong>tutto pu\u00f2 avere una seconda vita<\/strong>. Chiunque potr\u00e0 scambiare, vendere o donare ci\u00f2 che non usa pi\u00f9, in uno spazio gratuito, aperto ad adulti e bambini. In programma attivit\u00e0 per i pi\u00f9 piccoli, musica, stand gastronomici, momenti di riflessione e un collegamento in diretta con la manifestazione nazionale di Roma.<\/p>\n<p>La partecipazione \u00e8 gratuita ma \u00e8 richiesta la prenotazione. Per info e contatti: 348 9847303 \u2013 388 7924137.<\/p>\n<p><img loading=\"lazy\" decoding=\"async\" class=\" wp-image-271778 aligncenter\" src=\"https:\/\/quicosenza.it\/news\/wp-content\/uploads\/2025\/10\/seconda-chance-04-ottobre.jpg\" alt=\"seconda chance 04 ottobre\" width=\"504\" height=\"504\" title=\"\" srcset=\"https:\/\/quicosenza.it\/news\/wp-content\/uploads\/2025\/10\/seconda-chance-04-ottobre.jpg 970w, https:\/\/quicosenza.it\/news\/wp-content\/uploads\/2025\/10\/seconda-chance-04-ottobre-300x300.jpg 300w, https:\/\/quicosenza.it\/news\/wp-content\/uploads\/2025\/10\/seconda-chance-04-ottobre-150x150.jpg 150w, https:\/\/quicosenza.it\/news\/wp-content\/uploads\/2025\/10\/seconda-chance-04-ottobre-768x768.jpg 768w, https:\/\/quicosenza.it\/news\/wp-content\/uploads\/2025\/10\/seconda-chance-04-ottobre-420x420.jpg 420w, https:\/\/quicosenza.it\/news\/wp-content\/uploads\/2025\/10\/seconda-chance-04-ottobre-696x696.jpg 696w\" sizes=\"auto, (max-width: 504px) 100vw, 504px\" \/><\/p>\n","protected":false},"excerpt":{"rendered":"<p>COSENZA &#8211; Piazza Arenella a Cosenza domani, sabato 4 ottobre dalle ore 10, ospiter\u00e0 una nuova edizione di \u201cSeconda Chance\u201d, la fiera dedicata al riuso e all\u2019economia circolare, organizzata dal Munnizza Social Club. Questa edizione sar\u00e0 speciale: al centro non solo la sostenibilit\u00e0 e il riutilizzo degli oggetti, ma anche una forte presa di posizione [&hellip;]<\/p>\n","protected":false},"author":42,"featured_media":271779,"comment_status":"closed","ping_status":"closed","sticky":false,"template":"","format":"standard","meta":{"_acf_changed":false,"footnotes":"","jetpack_publicize_message":"","jetpack_publicize_feature_enabled":true,"jetpack_social_post_already_shared":false,"jetpack_social_options":{"image_generator_settings":{"template":"highway","default_image_id":0,"font":"","enabled":false},"version":2}},"categories":[563,42],"tags":[19],"class_list":["post-271777","post","type-post","status-publish","format-standard","has-post-thumbnail","hentry","category-area-urbana","category-cosenza","tag-copertina"],"acf":[],"jetpack_publicize_connections":[],"_links":{"self":[{"href":"https:\/\/quicosenza.it\/news\/wp-json\/wp\/v2\/posts\/271777","targetHints":{"allow":["GET"]}}],"collection":[{"href":"https:\/\/quicosenza.it\/news\/wp-json\/wp\/v2\/posts"}],"about":[{"href":"https:\/\/quicosenza.it\/news\/wp-json\/wp\/v2\/types\/post"}],"author":[{"embeddable":true,"href":"https:\/\/quicosenza.it\/news\/wp-json\/wp\/v2\/users\/42"}],"replies":[{"embeddable":true,"href":"https:\/\/quicosenza.it\/news\/wp-json\/wp\/v2\/comments?post=271777"}],"version-history":[{"count":0,"href":"https:\/\/quicosenza.it\/news\/wp-json\/wp\/v2\/posts\/271777\/revisions"}],"wp:featuredmedia":[{"embeddable":true,"href":"https:\/\/quicosenza.it\/news\/wp-json\/wp\/v2\/media\/271779"}],"wp:attachment":[{"href":"https:\/\/quicosenza.it\/news\/wp-json\/wp\/v2\/media?parent=271777"}],"wp:term":[{"taxonomy":"category","embeddable":true,"href":"https:\/\/quicosenza.it\/news\/wp-json\/wp\/v2\/categories?post=271777"},{"taxonomy":"post_tag","embeddable":true,"href":"https:\/\/quicosenza.it\/news\/wp-json\/wp\/v2\/tags?post=271777"}],"curies":[{"name":"wp","href":"https:\/\/api.w.org\/{rel}","templated":true}]}}