{"id":271816,"date":"2025-10-03T15:45:24","date_gmt":"2025-10-03T13:45:24","guid":{"rendered":"https:\/\/www.quicosenza.it\/news\/?p=271816"},"modified":"2025-10-03T15:21:58","modified_gmt":"2025-10-03T13:21:58","slug":"chirurgia-a-praia-e-trebisacce-asp-cosenza-conferma-sono-strutture-complesse-atto-aziendale-e-legittimo","status":"publish","type":"post","link":"https:\/\/quicosenza.it\/news\/chirurgia-a-praia-e-trebisacce-asp-cosenza-conferma-sono-strutture-complesse-atto-aziendale-e-legittimo\/","title":{"rendered":"Chirurgia a Praia e Trebisacce: ASP Cosenza conferma \u00absono strutture complesse, atto aziendale \u00e8 legittimo\u00bb"},"content":{"rendered":"<p>COSENZA &#8211; Dopo le polemiche sollevate dal Movimento Civico, l\u2019Azienda Sanitaria Provinciale di Cosenza fa chiarezza sui <strong>reparti di Chirurgia di Praia a Mare e Trebisacce: <\/strong>sono Unit\u00e0 Operative Complesse e tale classificazione \u00e8 pienamente legittima. A confermarlo \u00e8 il direttore generale <strong>Antonio Graziano<\/strong>, che interviene con una lettera aperta indirizzata ai cittadini e agli organi di stampa.<\/p>\n<p>\u00abL\u2019Atto aziendale approvato dall\u2019ASP \u00e8 chiaro e rispecchia la volont\u00e0 dell\u2019Azienda: le <strong>chirurgie<\/strong> di <strong>Praia e Trebisacce<\/strong> sono e resteranno strutture complesse\u00bb, precisa Graziano. Nessun conflitto, secondo il Dg dell\u2019Asp, con il Decreto del Commissario ad acta n. 360\/2024, che si limita a modificare le tabelle allegate al DCA 78\/2024, senza incidere sulla programmazione della rete ospedaliera.<\/p>\n<p>Graziano spiega che il<strong> decreto non entra nel merito del numero o della collocazione delle strutture complesse e semplici<\/strong>, compito che spetta invece agli atti aziendali delle singole aziende sanitarie. Inoltre, il documento approvato rispetta i <strong>parametri del Comitato LEA<\/strong>, secondo cui ogni struttura complessa deve disporre di almeno 17,5 posti letto.<\/p>\n<p>Infine, Graziano risponde anche sul piano procedurale: \u00ab<strong>Non \u00e8 vero che l\u2019Atto aziendale debba essere valutato da tavoli ministeriali.<\/strong> La sua approvazione \u00e8 di competenza della Giunta regionale, su istruttoria del Dipartimento Tutela della Salute. Con questo ufficio \u2013 chiarisce \u2013 ci sono state pi\u00f9 interlocuzioni e nessun rilievo\u00bb. \u00abOgni ulteriore affermazione \u2013 conclude \u2013 non risponde al vero\u00bb.<\/p>\n","protected":false},"excerpt":{"rendered":"<p>COSENZA &#8211; Dopo le polemiche sollevate dal Movimento Civico, l\u2019Azienda Sanitaria Provinciale di Cosenza fa chiarezza sui reparti di Chirurgia di Praia a Mare e Trebisacce: sono Unit\u00e0 Operative Complesse e tale classificazione \u00e8 pienamente legittima. A confermarlo \u00e8 il direttore generale Antonio Graziano, che interviene con una lettera aperta indirizzata ai cittadini e agli [&hellip;]<\/p>\n","protected":false},"author":42,"featured_media":271819,"comment_status":"closed","ping_status":"closed","sticky":false,"template":"","format":"standard","meta":{"_acf_changed":false,"footnotes":"","jetpack_publicize_message":"","jetpack_publicize_feature_enabled":true,"jetpack_social_post_already_shared":false,"jetpack_social_options":{"image_generator_settings":{"template":"highway","default_image_id":0,"font":"","enabled":false},"version":2}},"categories":[563,42],"tags":[19],"class_list":["post-271816","post","type-post","status-publish","format-standard","has-post-thumbnail","hentry","category-area-urbana","category-cosenza","tag-copertina"],"acf":[],"jetpack_publicize_connections":[],"_links":{"self":[{"href":"https:\/\/quicosenza.it\/news\/wp-json\/wp\/v2\/posts\/271816","targetHints":{"allow":["GET"]}}],"collection":[{"href":"https:\/\/quicosenza.it\/news\/wp-json\/wp\/v2\/posts"}],"about":[{"href":"https:\/\/quicosenza.it\/news\/wp-json\/wp\/v2\/types\/post"}],"author":[{"embeddable":true,"href":"https:\/\/quicosenza.it\/news\/wp-json\/wp\/v2\/users\/42"}],"replies":[{"embeddable":true,"href":"https:\/\/quicosenza.it\/news\/wp-json\/wp\/v2\/comments?post=271816"}],"version-history":[{"count":0,"href":"https:\/\/quicosenza.it\/news\/wp-json\/wp\/v2\/posts\/271816\/revisions"}],"wp:featuredmedia":[{"embeddable":true,"href":"https:\/\/quicosenza.it\/news\/wp-json\/wp\/v2\/media\/271819"}],"wp:attachment":[{"href":"https:\/\/quicosenza.it\/news\/wp-json\/wp\/v2\/media?parent=271816"}],"wp:term":[{"taxonomy":"category","embeddable":true,"href":"https:\/\/quicosenza.it\/news\/wp-json\/wp\/v2\/categories?post=271816"},{"taxonomy":"post_tag","embeddable":true,"href":"https:\/\/quicosenza.it\/news\/wp-json\/wp\/v2\/tags?post=271816"}],"curies":[{"name":"wp","href":"https:\/\/api.w.org\/{rel}","templated":true}]}}