{"id":271961,"date":"2025-10-06T10:00:08","date_gmt":"2025-10-06T08:00:08","guid":{"rendered":"https:\/\/www.quicosenza.it\/news\/?p=271961"},"modified":"2025-10-06T10:16:42","modified_gmt":"2025-10-06T08:16:42","slug":"dallunical-parte-la-settimana-nazionale-della-protezione-civile-2025","status":"publish","type":"post","link":"https:\/\/quicosenza.it\/news\/dallunical-parte-la-settimana-nazionale-della-protezione-civile-2025\/","title":{"rendered":"Dall&#8217;Unical parte la &#8220;Settimana Nazionale della Protezione Civile 2025&#8221;"},"content":{"rendered":"<p>RENDE &#8211; La Settimana Nazionale della Protezione Civile torna anche quest\u2019anno con un ricco calendario di appuntamenti su tutto il territorio italiano. L\u2019iniziativa, istituita nel 2019 con Direttiva del Presidente del Consiglio dei Ministri del 1\u00b0 aprile, si svolge in occasione della <strong>Giornata Internazionale per la Riduzione del Rischio dei Disastri<\/strong> (<strong>13 ottobre<\/strong>), proclamata dalle Nazioni Unite, e ha come obiettivo principale quello di sensibilizzare i cittadini sull\u2019importanza della prevenzione e della riduzione degli impatti legati ai disastri naturali.<\/p>\n<h3>Ricerca e formazione<\/h3>\n<p>L\u2019edizione 2025 vedr\u00e0 un forte coinvolgimento di Atenei e Centri di Ricerca di tutto il Paese, protagonisti di numerose iniziative dedicate alla divulgazione scientifica e alla diffusione della cultura della protezione civile. Particolare attenzione sar\u00e0 rivolta agli studenti e alle nuove generazioni, considerate fondamentali per la costruzione di comunit\u00e0 pi\u00f9 consapevoli e resilienti.<\/p>\n<h3>Apertura ufficiale all\u2019Unical<\/h3>\n<p>Gioved\u00ec <strong>9 ottobre, alle ore 15,<\/strong> il via ufficiale agli eventi sar\u00e0 dato dall\u2019Universit\u00e0 della Calabria (UNICAL), presso il Teatro Auditorium Unical (TAU) di Piazza Vermicelli. All\u2019inaugurazione interverranno il <strong>Capo del Dipartimento della Protezione Civile, Fabio Ciciliano<\/strong>, e la <strong>Ministra dell\u2019Universit\u00e0 e della Ricerca, Anna Maria Bernini<\/strong>, insieme ai rappresentanti del Camilab, Centro di Competenza di Protezione Civile afferente all\u2019ateneo calabrese.<\/p>\n<p><img loading=\"lazy\" decoding=\"async\" class=\"size-full wp-image-271966 aligncenter\" src=\"https:\/\/quicosenza.it\/news\/wp-content\/uploads\/2025\/10\/programma-prociv-unical-settimana-nazionale.jpg\" alt=\"\" width=\"504\" height=\"848\" title=\"\" srcset=\"https:\/\/quicosenza.it\/news\/wp-content\/uploads\/2025\/10\/programma-prociv-unical-settimana-nazionale.jpg 504w, https:\/\/quicosenza.it\/news\/wp-content\/uploads\/2025\/10\/programma-prociv-unical-settimana-nazionale-178x300.jpg 178w, https:\/\/quicosenza.it\/news\/wp-content\/uploads\/2025\/10\/programma-prociv-unical-settimana-nazionale-250x420.jpg 250w, https:\/\/quicosenza.it\/news\/wp-content\/uploads\/2025\/10\/programma-prociv-unical-settimana-nazionale-150x252.jpg 150w, https:\/\/quicosenza.it\/news\/wp-content\/uploads\/2025\/10\/programma-prociv-unical-settimana-nazionale-300x505.jpg 300w\" sizes=\"auto, (max-width: 504px) 100vw, 504px\" \/><\/p>\n<p>Subito dopo la cerimonia di apertura, prenderanno avvio i <strong>seminari tematici<\/strong> in cui esperti, ricercatori e istituzioni affronteranno le principali questioni legate alla protezione civile, come previsto dal programma ufficiale. La Settimana Nazionale della Protezione Civile non rappresenta soltanto un\u2019occasione di incontro tra istituzioni, mondo scientifico e cittadini, ma vuole anche essere uno <strong>stimolo concreto a promuovere comportamenti responsabili<\/strong>, valorizzando la conoscenza e la formazione come strumenti chiave per ridurre rischi e vulnerabilit\u00e0.<\/p>\n","protected":false},"excerpt":{"rendered":"<p>RENDE &#8211; La Settimana Nazionale della Protezione Civile torna anche quest\u2019anno con un ricco calendario di appuntamenti su tutto il territorio italiano. L\u2019iniziativa, istituita nel 2019 con Direttiva del Presidente del Consiglio dei Ministri del 1\u00b0 aprile, si svolge in occasione della Giornata Internazionale per la Riduzione del Rischio dei Disastri (13 ottobre), proclamata dalle [&hellip;]<\/p>\n","protected":false},"author":42,"featured_media":271967,"comment_status":"closed","ping_status":"closed","sticky":false,"template":"","format":"standard","meta":{"_acf_changed":false,"footnotes":"","jetpack_publicize_message":"","jetpack_publicize_feature_enabled":true,"jetpack_social_post_already_shared":false,"jetpack_social_options":{"image_generator_settings":{"template":"highway","default_image_id":0,"font":"","enabled":false},"version":2}},"categories":[563],"tags":[19],"class_list":["post-271961","post","type-post","status-publish","format-standard","has-post-thumbnail","hentry","category-area-urbana","tag-copertina"],"acf":[],"jetpack_publicize_connections":[],"_links":{"self":[{"href":"https:\/\/quicosenza.it\/news\/wp-json\/wp\/v2\/posts\/271961","targetHints":{"allow":["GET"]}}],"collection":[{"href":"https:\/\/quicosenza.it\/news\/wp-json\/wp\/v2\/posts"}],"about":[{"href":"https:\/\/quicosenza.it\/news\/wp-json\/wp\/v2\/types\/post"}],"author":[{"embeddable":true,"href":"https:\/\/quicosenza.it\/news\/wp-json\/wp\/v2\/users\/42"}],"replies":[{"embeddable":true,"href":"https:\/\/quicosenza.it\/news\/wp-json\/wp\/v2\/comments?post=271961"}],"version-history":[{"count":0,"href":"https:\/\/quicosenza.it\/news\/wp-json\/wp\/v2\/posts\/271961\/revisions"}],"wp:featuredmedia":[{"embeddable":true,"href":"https:\/\/quicosenza.it\/news\/wp-json\/wp\/v2\/media\/271967"}],"wp:attachment":[{"href":"https:\/\/quicosenza.it\/news\/wp-json\/wp\/v2\/media?parent=271961"}],"wp:term":[{"taxonomy":"category","embeddable":true,"href":"https:\/\/quicosenza.it\/news\/wp-json\/wp\/v2\/categories?post=271961"},{"taxonomy":"post_tag","embeddable":true,"href":"https:\/\/quicosenza.it\/news\/wp-json\/wp\/v2\/tags?post=271961"}],"curies":[{"name":"wp","href":"https:\/\/api.w.org\/{rel}","templated":true}]}}