{"id":272153,"date":"2025-10-12T16:00:45","date_gmt":"2025-10-12T14:00:45","guid":{"rendered":"https:\/\/www.quicosenza.it\/news\/?p=272153"},"modified":"2025-10-12T08:56:09","modified_gmt":"2025-10-12T06:56:09","slug":"novita-in-arrivo-per-le-bollette-con-il-nuovo-decreto-diventano-piu-trasparenti-cosa-cambia","status":"publish","type":"post","link":"https:\/\/quicosenza.it\/news\/novita-in-arrivo-per-le-bollette-con-il-nuovo-decreto-diventano-piu-trasparenti-cosa-cambia\/","title":{"rendered":"Novit\u00e0 in arrivo per le bollette, con il nuovo decreto diventano pi\u00f9 trasparenti. Cosa cambia"},"content":{"rendered":"<p>ROMA &#8211; <strong>Novit\u00e0<\/strong> in fatto di <a href=\"https:\/\/quicosenza.it\/news\/calabria\/bollette-in-calabria-lestate-e-salata-tra-le-regioni-dove-si-spende-di-piu\" target=\"_blank\" rel=\"noopener\"><strong>bollette<\/strong><\/a>. Nei giorni scorsi il <a href=\"https:\/\/www.governo.it\/it\/tipologie-contenuto\/consiglio-dei-ministri\" target=\"_blank\" rel=\"noopener\">Consiglio dei ministri<\/a> ha approvato un nuovo decreto che apporta diverse modifiche in materia di bollette. \u201cQuesto provvedimento &#8211; ha commentato il ministro dell&#8217;Ambiente e della Transizione Energetica Gilberto Pichetto Fratin &#8211; conferma la volont\u00e0 del governo di <strong>porre il cittadino al centro delle scelte energetiche,<\/strong>\u00a0come\u00a0<strong>consumatore consapevole<\/strong>\u00a0e insieme orientato alla condivisione di energia rinnovabile, dunque interprete fondamentale della transizione\u201d.<\/p>\n<p>Ma<strong> cosa cambia<\/strong> nella pratica per il cittadino? Con il nuovo decreto viene stabilito che <strong>l&#8217;elenco dei dati<\/strong> riportati nelle fatture dell&#8217;energia deve essere <strong>esteso<\/strong>. Non solo i dati riferiti al <strong>fornitore<\/strong>, ma anche quelli relativi alla <strong>composizione del prezzo<\/strong> con uno schema completo di tutte le voci, le\u00a0eventuali offerte promozionali e servizi aggiuntivi proposti.<\/p>\n<p>Un cambiamento che punta a valorizzare la trasparenza, per renderla pi\u00f9 ampia e immediata, per fare in modo che, secondo le disposizione date dall&#8217;Autorit\u00e0 di regolazione per energia, reti e ambiente, si punti alla cosiddetta bolletta 2.0.<\/p>\n<h3>Novit\u00e0 in arrivo per le bollette: gli elementi pi\u00f9 significativi<\/h3>\n<p><strong>Chiarezza e completezza delle informazioni<\/strong> sono le due direttive lungo le quali si sviluppa la nuova bolletta. Il nuovo testo normativo rappresenta, dunque, il consolidamento del percorso gi\u00e0 avviato che amplifica le disposizioni dell\u2019articolo 5 del decreto n. 210 del 2021 e <strong>ridefinisce i diritti contrattuali degli utenti finali.<\/strong><\/p>\n<p>Importante novit\u00e0 \u00e8 data dal fatto che i <strong>gestori non potranno pi\u00f9 modificare in modo modo unilaterale le condizioni economiche<\/strong> o la <strong>durata dei contratti di fornitura<\/strong> che siano stipulati a tempo determinato e con tariffa bloccata. Allo stesso modo, da parte loro, i consumatori non potranno interromperli prima della loro naturale scadenza.<\/p>\n<p>Altro nodo di rilievo riguarda il <strong>passaggio ad un nuovo fornitore.<\/strong> Ora i tempi cambiano. Il processo di migrazione verso un altro venditore, che oggi \u00e8 compreso tra uno e due mesi, potrebbe slittare rispetto a quanto stabilito nella precedente norma (che prevedeva l\u2019attivazione del cambio entro 24 ore a partire dal 1\u00b0 gennaio 2026).<\/p>\n","protected":false},"excerpt":{"rendered":"<p>ROMA &#8211; Novit\u00e0 in fatto di bollette. Nei giorni scorsi il Consiglio dei ministri ha approvato un nuovo decreto che apporta diverse modifiche in materia di bollette. \u201cQuesto provvedimento &#8211; ha commentato il ministro dell&#8217;Ambiente e della Transizione Energetica Gilberto Pichetto Fratin &#8211; conferma la volont\u00e0 del governo di porre il cittadino al centro delle [&hellip;]<\/p>\n","protected":false},"author":90,"featured_media":199129,"comment_status":"closed","ping_status":"closed","sticky":false,"template":"","format":"standard","meta":{"_acf_changed":false,"footnotes":"","jetpack_publicize_message":"","jetpack_publicize_feature_enabled":true,"jetpack_social_post_already_shared":false,"jetpack_social_options":{"image_generator_settings":{"template":"highway","default_image_id":0,"font":"","enabled":false},"version":2}},"categories":[16],"tags":[19],"class_list":["post-272153","post","type-post","status-publish","format-standard","has-post-thumbnail","hentry","category-italia","tag-copertina"],"acf":[],"jetpack_publicize_connections":[],"_links":{"self":[{"href":"https:\/\/quicosenza.it\/news\/wp-json\/wp\/v2\/posts\/272153","targetHints":{"allow":["GET"]}}],"collection":[{"href":"https:\/\/quicosenza.it\/news\/wp-json\/wp\/v2\/posts"}],"about":[{"href":"https:\/\/quicosenza.it\/news\/wp-json\/wp\/v2\/types\/post"}],"author":[{"embeddable":true,"href":"https:\/\/quicosenza.it\/news\/wp-json\/wp\/v2\/users\/90"}],"replies":[{"embeddable":true,"href":"https:\/\/quicosenza.it\/news\/wp-json\/wp\/v2\/comments?post=272153"}],"version-history":[{"count":0,"href":"https:\/\/quicosenza.it\/news\/wp-json\/wp\/v2\/posts\/272153\/revisions"}],"wp:featuredmedia":[{"embeddable":true,"href":"https:\/\/quicosenza.it\/news\/wp-json\/wp\/v2\/media\/199129"}],"wp:attachment":[{"href":"https:\/\/quicosenza.it\/news\/wp-json\/wp\/v2\/media?parent=272153"}],"wp:term":[{"taxonomy":"category","embeddable":true,"href":"https:\/\/quicosenza.it\/news\/wp-json\/wp\/v2\/categories?post=272153"},{"taxonomy":"post_tag","embeddable":true,"href":"https:\/\/quicosenza.it\/news\/wp-json\/wp\/v2\/tags?post=272153"}],"curies":[{"name":"wp","href":"https:\/\/api.w.org\/{rel}","templated":true}]}}