{"id":272249,"date":"2025-10-08T15:26:33","date_gmt":"2025-10-08T13:26:33","guid":{"rendered":"https:\/\/www.quicosenza.it\/news\/?p=272249"},"modified":"2025-10-08T15:28:30","modified_gmt":"2025-10-08T13:28:30","slug":"un-attaccante-in-piu-per-il-cosenza-calcio-ufficiale-lingaggio-di-giacomo-beretta","status":"publish","type":"post","link":"https:\/\/quicosenza.it\/news\/un-attaccante-in-piu-per-il-cosenza-calcio-ufficiale-lingaggio-di-giacomo-beretta\/","title":{"rendered":"Un attaccante in pi\u00f9 per il Cosenza Calcio: ufficiale l&#8217;ingaggio di Giacomo Beretta"},"content":{"rendered":"<p>COSENZA &#8211; Si allenava in citt\u00e0 da alcuni giorni dopo aver trovato l&#8217;intesa con il Cosenza Calcio che oggi <strong>ha ufficializzato il suo ingaggio<\/strong>. Parliamo di <strong>Giacomo Beretta<\/strong>, attaccante classe 1992, <strong>rimasto svincolato dopo l&#8217;ultima stagione in Serie C alla Pro Patria<\/strong> dove ha collezionato 30 presenze e 4 reti.<\/p>\n<h3>Giacomo Beretta l&#8217;ultima stagione alla ProPatria<\/h3>\n<p>Beretta va ad aggiungere <strong>un tassello importante nel reparto offensivo del Cosenza<\/strong>, dove il solo <a href=\"https:\/\/quicosenza.it\/news\/sport\/decide-mazzocchi-vettorel-salva-il-risultato-il-cosenza-batte-il-siracusa-e-centra-il-primo-successo-esterno\" target=\"_blank\" rel=\"noopener\">Mazzocchi<\/a> cantava e portava la croce. Attaccante di grandissima esperienza, Beretta ha giocato in diverse squadre dalla serie B e C dove ha <strong>collezionato oltre 300 presenze e 56 reti <\/strong>tra\u00a0Pro Vercelli, Virtus Entella, Carpi, Ascoli, Cittadella e Padova.<strong> Foggia (due stagioni), Lecco e Pro Patria e sue ultime squadre.<\/strong> Beretta ha firmato u<strong>n contratto fino a giugno del prossimo anno con opzione di rinnovo per altri 12 mesi<\/strong>.<\/p>\n<p><iframe loading=\"lazy\" style=\"border: none; overflow: hidden;\" src=\"https:\/\/www.facebook.com\/plugins\/post.php?href=https%3A%2F%2Fwww.facebook.com%2Filcosenzacalcio%2Fposts%2Fpfbid02jMtUKfQTTAnKRU4gcFSXvkD4MZ4WSRKFG8ewGamSFVpu7eW1awkL364bkCcSXj6Vl&amp;show_text=true&amp;width=500\" width=\"500\" height=\"250\" frameborder=\"0\" scrolling=\"no\" allowfullscreen=\"allowfullscreen\"><\/iframe><\/p>\n<h3>Il Comunicato ufficiale del Cosenza Calcio<\/h3>\n<p>Questo il comunicato della societ\u00e0&#8221; Il Cosenza Calcio comunica di aver acquisito i diritti alle prestazioni sportive del calciatore Giacomo Beretta. L&#8217;attaccante, nato a Varese il 14 marzo del 1992, ha giocato con l&#8217;Aurora Pro Patria nella stagione scorsa.<\/p>\n<p>Nella sua lunga carriera ha vestito le maglie anche di Milan, Ascoli, Juve Stabia, Pavia, Lecce, Pro Vercelli, Virtus Entella, Carpi, Foggia, Padova, Cittadella e Lecco collezionando complessivamente,<strong> tra Serie A, Serie B e Serie C 329 presenze e 56 gol<\/strong>. Beretta ha firmato un<strong> contratto con i rossobl\u00f9 fino al 30 giugno 2026 con opzione di rinnovo per altri 12 mesi. Il calciatore sar\u00e0 da subito a disposizione di mister Busc\u00e8<\/strong>&#8220;.<\/p>\n","protected":false},"excerpt":{"rendered":"<p>COSENZA &#8211; Si allenava in citt\u00e0 da alcuni giorni dopo aver trovato l&#8217;intesa con il Cosenza Calcio che oggi ha ufficializzato il suo ingaggio. Parliamo di Giacomo Beretta, attaccante classe 1992, rimasto svincolato dopo l&#8217;ultima stagione in Serie C alla Pro Patria dove ha collezionato 30 presenze e 4 reti. Giacomo Beretta l&#8217;ultima stagione alla [&hellip;]<\/p>\n","protected":false},"author":24,"featured_media":272251,"comment_status":"closed","ping_status":"closed","sticky":false,"template":"","format":"standard","meta":{"_acf_changed":false,"footnotes":"","jetpack_publicize_message":"","jetpack_publicize_feature_enabled":true,"jetpack_social_post_already_shared":false,"jetpack_social_options":{"image_generator_settings":{"template":"highway","default_image_id":0,"font":"","enabled":false},"version":2}},"categories":[20],"tags":[19],"class_list":["post-272249","post","type-post","status-publish","format-standard","has-post-thumbnail","hentry","category-sport","tag-copertina"],"acf":[],"jetpack_publicize_connections":[],"_links":{"self":[{"href":"https:\/\/quicosenza.it\/news\/wp-json\/wp\/v2\/posts\/272249","targetHints":{"allow":["GET"]}}],"collection":[{"href":"https:\/\/quicosenza.it\/news\/wp-json\/wp\/v2\/posts"}],"about":[{"href":"https:\/\/quicosenza.it\/news\/wp-json\/wp\/v2\/types\/post"}],"author":[{"embeddable":true,"href":"https:\/\/quicosenza.it\/news\/wp-json\/wp\/v2\/users\/24"}],"replies":[{"embeddable":true,"href":"https:\/\/quicosenza.it\/news\/wp-json\/wp\/v2\/comments?post=272249"}],"version-history":[{"count":0,"href":"https:\/\/quicosenza.it\/news\/wp-json\/wp\/v2\/posts\/272249\/revisions"}],"wp:featuredmedia":[{"embeddable":true,"href":"https:\/\/quicosenza.it\/news\/wp-json\/wp\/v2\/media\/272251"}],"wp:attachment":[{"href":"https:\/\/quicosenza.it\/news\/wp-json\/wp\/v2\/media?parent=272249"}],"wp:term":[{"taxonomy":"category","embeddable":true,"href":"https:\/\/quicosenza.it\/news\/wp-json\/wp\/v2\/categories?post=272249"},{"taxonomy":"post_tag","embeddable":true,"href":"https:\/\/quicosenza.it\/news\/wp-json\/wp\/v2\/tags?post=272249"}],"curies":[{"name":"wp","href":"https:\/\/api.w.org\/{rel}","templated":true}]}}