{"id":272280,"date":"2025-10-08T20:30:02","date_gmt":"2025-10-08T18:30:02","guid":{"rendered":"https:\/\/www.quicosenza.it\/news\/?p=272280"},"modified":"2025-10-08T20:30:59","modified_gmt":"2025-10-08T18:30:59","slug":"flottilia-crosia-in-ansia-per-lattivista-vincenzo-fullone-il-sindaco-meloni-intervenga","status":"publish","type":"post","link":"https:\/\/quicosenza.it\/news\/flottilia-crosia-in-ansia-per-lattivista-vincenzo-fullone-il-sindaco-meloni-intervenga\/","title":{"rendered":"Flottilia, Crosia in ansia per l&#8217;attivista Vincenzo Fullone. Il sindaco: &#8220;Meloni intervenga&#8221;"},"content":{"rendered":"<p>CROSIA &#8211; \u201cApprensione per <strong>il sequestro della flottiglia Conscience<\/strong> a bordo della quale c\u2019\u00e8 anche il <strong>nostro concittadino <a href=\"https:\/\/quicosenza.it\/news\/calabria\/fermatafl-la-nuova-flotilla-per-gaza-tra-gli-attivisti-ce-anche-il-calabrese-vincenzo-fullone-video\" target=\"_blank\" rel=\"noopener\">Vincenzo Fullone<\/a><\/strong>. La preoccupazione ovviamente va oltre ogni posizione politica e ideologica e si concentra sul piano umano. Non appena appresa la notizia ho subito scritto alla Presidente del Consiglio Giorgia Meloni per richiedere con forza misure per la tutela dei volontari&#8221;. Lo scrive in una nota il <strong>sindaco di Crosia Maria Teresa Aiello.<\/strong><\/p>\n<p>Come gi\u00e0 espresso pi\u00f9 volte pubblicamente condivido a pieno lo spirito della pi\u00f9 ampia missione civile umanitaria mai organizzata per spezzare il blocco israeliano nella striscia di Gaza. La missione della <strong>Global Sumud Flottilla<\/strong> che coinvolge oltre 44 paesi con pi\u00f9 di 50 imbarcazioni cariche di aiuti comunitari in solidariet\u00e0 al popolo palestinese rappresenta un movimento civico di grande portata che non si pu\u00f2 non condividere e divulgare.<\/p>\n<p>Viste le ultime notizie in merito al sequestro della flottiglia Conscience, considerato che a bordo della suddetta imbarcazione sono presenti attivisti italiani di cui <strong>uno residente anche nel comune da me amministrato, il signor Vincenzo Fillone<\/strong>, l<strong>a mia richiesta alla premier Giorgia Meloni<\/strong> \u00e8 quali siano le <strong>misure<\/strong> che il Governo italiano intende adottare e concretizzare per tutelare tutti i i volontari italiani ed europei imbarcati sulle \u00a0navi della Global Sumud Flottilia. Stiamo organizzando una mobilitazione pubblica. Ripeto: la questione non \u00e8 politica, \u00e8 umanitaria\u201d.<\/p>\n","protected":false},"excerpt":{"rendered":"<p>CROSIA &#8211; \u201cApprensione per il sequestro della flottiglia Conscience a bordo della quale c\u2019\u00e8 anche il nostro concittadino Vincenzo Fullone. La preoccupazione ovviamente va oltre ogni posizione politica e ideologica e si concentra sul piano umano. Non appena appresa la notizia ho subito scritto alla Presidente del Consiglio Giorgia Meloni per richiedere con forza misure [&hellip;]<\/p>\n","protected":false},"author":58,"featured_media":272248,"comment_status":"closed","ping_status":"closed","sticky":false,"template":"","format":"standard","meta":{"_acf_changed":false,"footnotes":"","jetpack_publicize_message":"","jetpack_publicize_feature_enabled":true,"jetpack_social_post_already_shared":false,"jetpack_social_options":{"image_generator_settings":{"template":"highway","default_image_id":0,"font":"","enabled":false},"version":2}},"categories":[572],"tags":[19],"class_list":["post-272280","post","type-post","status-publish","format-standard","has-post-thumbnail","hentry","category-ionio","tag-copertina"],"acf":[],"jetpack_publicize_connections":[],"_links":{"self":[{"href":"https:\/\/quicosenza.it\/news\/wp-json\/wp\/v2\/posts\/272280","targetHints":{"allow":["GET"]}}],"collection":[{"href":"https:\/\/quicosenza.it\/news\/wp-json\/wp\/v2\/posts"}],"about":[{"href":"https:\/\/quicosenza.it\/news\/wp-json\/wp\/v2\/types\/post"}],"author":[{"embeddable":true,"href":"https:\/\/quicosenza.it\/news\/wp-json\/wp\/v2\/users\/58"}],"replies":[{"embeddable":true,"href":"https:\/\/quicosenza.it\/news\/wp-json\/wp\/v2\/comments?post=272280"}],"version-history":[{"count":0,"href":"https:\/\/quicosenza.it\/news\/wp-json\/wp\/v2\/posts\/272280\/revisions"}],"wp:featuredmedia":[{"embeddable":true,"href":"https:\/\/quicosenza.it\/news\/wp-json\/wp\/v2\/media\/272248"}],"wp:attachment":[{"href":"https:\/\/quicosenza.it\/news\/wp-json\/wp\/v2\/media?parent=272280"}],"wp:term":[{"taxonomy":"category","embeddable":true,"href":"https:\/\/quicosenza.it\/news\/wp-json\/wp\/v2\/categories?post=272280"},{"taxonomy":"post_tag","embeddable":true,"href":"https:\/\/quicosenza.it\/news\/wp-json\/wp\/v2\/tags?post=272280"}],"curies":[{"name":"wp","href":"https:\/\/api.w.org\/{rel}","templated":true}]}}