{"id":272287,"date":"2025-10-11T20:00:58","date_gmt":"2025-10-11T18:00:58","guid":{"rendered":"https:\/\/www.quicosenza.it\/news\/?p=272287"},"modified":"2025-10-11T18:58:08","modified_gmt":"2025-10-11T16:58:08","slug":"up-with-down-laipd-lancia-la-piattaforma-per-imprenditori-con-sindrome-di-down-lesempio-di-affavori","status":"publish","type":"post","link":"https:\/\/quicosenza.it\/news\/up-with-down-laipd-lancia-la-piattaforma-per-imprenditori-con-sindrome-di-down-lesempio-di-affavori\/","title":{"rendered":"\u201cUp With Down\u201d, AIPD lancia la piattaforma per l\u2019imprenditoria inclusiva. L&#8217;esempio di &#8216;Affavor\u00ec&#8217; a Cosenza"},"content":{"rendered":"<p>ROMA &#8211; In occasione della Gi<strong>ornata Nazionale delle Persone con Sindrome di Down<\/strong>, arriva\u00a0<strong><em>Up-With-Down<\/em><\/strong>, una piattaforma per aspiranti imprenditori con sindrome di Down.\u00a0La giornata si celebra il 12 ottobre, e <strong>due importanti realt\u00e0 associative italiane<\/strong> si fanno promotrici di iniziative di grande impatto: <a href=\"https:\/\/www.aipd.it\/site\/chi-siamo\/\" rel=\"noopener\"><strong>l&#8217;AIPD<\/strong> <\/a>(Associazione Italiana Persone Down) lancia Up-With-Down, mentre CoorDown torna nelle piazze italiane con una nuova campagna di sensibilizzazione e raccolta fondi.<\/p>\n<h3>\u201cUp-With-Down\u201d<\/h3>\n<p>&#8220;Mi sembrava di non piacere per quello che ero. Nessuno mi avrebbe assunto, quindi ho deciso di aprire un\u2019attivit\u00e0 in proprio&#8221;. Con queste parole, <strong>Collette Divitto<\/strong>, giovane donna con sindrome di Down, racconta la <strong>nascita del suo biscottificio di successo<\/strong>. Oggi \u00e8 imprenditrice, influencer e fonte d&#8217;ispirazione per un progetto che potrebbe cambiare la vita a tante altre persone come lei. \u00c8 proprio dalla sua storia, insieme a quella di John Lee Cronin e della sua azienda di calzini, che prende forma \u201cUp-With-Down\u201d, la nuova piattaforma lanciata da AIPD per sostenere giovani con sindrome di Down che vogliono avviare una propria attivit\u00e0.<\/p>\n<p><img loading=\"lazy\" decoding=\"async\" class=\" wp-image-272290 aligncenter\" src=\"https:\/\/quicosenza.it\/news\/wp-content\/uploads\/2025\/10\/up-whit-down-campagna-aidp.jpg\" alt=\"\" width=\"532\" height=\"253\" title=\"\" srcset=\"https:\/\/quicosenza.it\/news\/wp-content\/uploads\/2025\/10\/up-whit-down-campagna-aidp.jpg 1177w, https:\/\/quicosenza.it\/news\/wp-content\/uploads\/2025\/10\/up-whit-down-campagna-aidp-300x142.jpg 300w, https:\/\/quicosenza.it\/news\/wp-content\/uploads\/2025\/10\/up-whit-down-campagna-aidp-1024x486.jpg 1024w, https:\/\/quicosenza.it\/news\/wp-content\/uploads\/2025\/10\/up-whit-down-campagna-aidp-768x365.jpg 768w, https:\/\/quicosenza.it\/news\/wp-content\/uploads\/2025\/10\/up-whit-down-campagna-aidp-884x420.jpg 884w, https:\/\/quicosenza.it\/news\/wp-content\/uploads\/2025\/10\/up-whit-down-campagna-aidp-150x71.jpg 150w, https:\/\/quicosenza.it\/news\/wp-content\/uploads\/2025\/10\/up-whit-down-campagna-aidp-696x331.jpg 696w, https:\/\/quicosenza.it\/news\/wp-content\/uploads\/2025\/10\/up-whit-down-campagna-aidp-1068x507.jpg 1068w\" sizes=\"auto, (max-width: 532px) 100vw, 532px\" \/><\/p>\n<p>\u201cN<strong>on solo dire qualcosa di rivoluzionario, ma fare qualcosa di rivoluzionario<\/strong>\u201d, spiega Gianfranco Salbini, presidente nazionale di AIPD. \u201cVogliamo incoraggiare e sostenere le persone con sindrome di Down a credere nelle proprie idee, dando loro l\u2019opportunit\u00e0 di diventare imprenditori. Cos\u00ec facendo, vogliamo far compiere un salto in avanti \u2013 ma anche in alto \u2013 al concetto di inclusione lavorativa\u201d.<\/p>\n<h3>A Cosenza l&#8217;esempio vincente di &#8220;Affavor\u00ec&#8221;<\/h3>\n<p>Anche nel cuore di Cosenza c\u2019\u00e8 un luogo speciale <strong>dove il gusto incontra l\u2019inclusione<\/strong>: Affavor\u00ec, una <strong>trattoria accogliente e autentica<\/strong>, <strong>gestita da persone con sindrome di Down<\/strong>. Qui ogni piatto racconta una storia di passione, dignit\u00e0 e talento. Dal servizio in sala alla preparazione dei piatti tra cui i succulenti &#8220;<a href=\"https:\/\/cercoeventi.it\/2025\/09\/12\/cosenza-apre-il-ristorante-affavori-maccabuoni-al-ferretto-dal-sapore-di-inclusione\/\" rel=\"noopener\">maccabuoni<\/a>&#8220;, lo staff lavora con professionalit\u00e0 e un entusiasmo contagioso, offrendo ai clienti non solo buon cibo, ma un\u2019esperienza ricca di umanit\u00e0.<a href=\"https:\/\/quicosenza.it\/news\/area-urbana\/cosenza-maccabuoni-fatti-mano-amore-e-inclusione-la-ricetta-di-affavori-la-trattoria-delle-persone\"> Affavor\u00ec<\/a> non \u00e8 solo un ristorante: \u00e8 un <strong>progetto sociale che promuove autonomia<\/strong>, <strong>lavoro e integrazione<\/strong>, dimostrando che la diversit\u00e0 \u00e8 un valore da mettere in tavola, ogni giorno.<\/p>\n<p><img loading=\"lazy\" decoding=\"async\" class=\" wp-image-272288 aligncenter\" src=\"https:\/\/quicosenza.it\/news\/wp-content\/uploads\/2025\/10\/maccabuoni_03.jpg\" alt=\"\" width=\"515\" height=\"345\" title=\"\" srcset=\"https:\/\/quicosenza.it\/news\/wp-content\/uploads\/2025\/10\/maccabuoni_03.jpg 970w, https:\/\/quicosenza.it\/news\/wp-content\/uploads\/2025\/10\/maccabuoni_03-300x201.jpg 300w, https:\/\/quicosenza.it\/news\/wp-content\/uploads\/2025\/10\/maccabuoni_03-768x515.jpg 768w, https:\/\/quicosenza.it\/news\/wp-content\/uploads\/2025\/10\/maccabuoni_03-627x420.jpg 627w, https:\/\/quicosenza.it\/news\/wp-content\/uploads\/2025\/10\/maccabuoni_03-150x101.jpg 150w, https:\/\/quicosenza.it\/news\/wp-content\/uploads\/2025\/10\/maccabuoni_03-696x466.jpg 696w\" sizes=\"auto, (max-width: 515px) 100vw, 515px\" \/><\/p>\n<h3>\u00a0La piattaforma business<\/h3>\n<p>Il nome evocativo \u201c<strong>Up-With-Down<\/strong> \u2013 La piattaforma business con pi\u00f9 geni\u201d, sar\u00e0 presentata in tre fasi:<\/p>\n<p>&#8211; Dal 12 ottobre sar\u00e0 attiva una Coming Soon Page su <a href=\"https:\/\/www.up-with-down.it\/\" rel=\"noopener\">www.upwithdown.it<\/a> e gli interessati potranno conoscere il progetto e registrarsi;<br \/>\n&#8211; Da novembre sar\u00e0 online la Landing Page, con una vera e propria Call for Ideas, in cui i candidati potranno caricare i propri progetti imprenditoriali;<br \/>\n&#8211; Il lancio ufficiale della piattaforma completa \u00e8 previsto per il 1\u00b0 maggio 2026, Festa dei Lavoratori, quando sar\u00e0 possibile per aziende e privati iniziare a finanziare le idee presentate.<\/p>\n<p>L\u2019obiettivo \u00e8 trasformare idee in realt\u00e0, creare opportunit\u00e0 e nuovi posti di lavoro, ma soprattutto scardinare gli stereotipi che ancora oggi ostacolano l\u2019inclusione vera nel mondo del lavoro.<\/p>\n<h3>CoorDown: \u201cNessuna decisione senza di noi\u201d<\/h3>\n<p>Sempre il <strong>12 ottobre<\/strong>, CoorDown \u2013 Coordinamento Nazionale delle Associazioni delle persone con sindrome di Down, torna nelle piazze italiane con la campagna <strong>\u201cNessuna decisione senza di noi\u201d.\u00a0<\/strong>Partita lo scorso 21 marzo, in occasione della Giornata Mondiale sulla Sindrome di Down, la <strong>campagna continua per tutto l\u2019anno<\/strong>, con un <strong>weekend di mobilitazione nazionale<\/strong>. Oltre 200 piazze italiane saranno animate da volontari \u2013 persone con sindrome di Down, famiglie, amici e sostenitori \u2013 impegnati nella distribuzione di un messaggio di cioccolato, realizzato con cacao equo-solidale, per sostenere progetti di autonomia e tutela dei diritti.<\/p>\n<p>\u201cL\u2019inclusione non sar\u00e0 mai possibile se il mondo continuer\u00e0 ad essere disegnato da pochi per pochi\u201d, dichiara <strong>Martina Fuga, presidente di CoorDown<\/strong>. \u201cI diritti conquistati con fatica sono oggi messi in discussione. Le persone con sindrome di Down e le loro famiglie non vogliono solo difendere i passi avanti gi\u00e0 fatti, ma chiedono un cambiamento culturale vero, che parta dalle istituzioni\u201d.<\/p>\n","protected":false},"excerpt":{"rendered":"<p>ROMA &#8211; In occasione della Giornata Nazionale delle Persone con Sindrome di Down, arriva\u00a0Up-With-Down, una piattaforma per aspiranti imprenditori con sindrome di Down.\u00a0La giornata si celebra il 12 ottobre, e due importanti realt\u00e0 associative italiane si fanno promotrici di iniziative di grande impatto: l&#8217;AIPD (Associazione Italiana Persone Down) lancia Up-With-Down, mentre CoorDown torna nelle piazze [&hellip;]<\/p>\n","protected":false},"author":42,"featured_media":272289,"comment_status":"closed","ping_status":"closed","sticky":false,"template":"","format":"standard","meta":{"_acf_changed":false,"footnotes":"","jetpack_publicize_message":"","jetpack_publicize_feature_enabled":true,"jetpack_social_post_already_shared":false,"jetpack_social_options":{"image_generator_settings":{"template":"highway","default_image_id":0,"font":"","enabled":false},"version":2}},"categories":[16],"tags":[19],"class_list":["post-272287","post","type-post","status-publish","format-standard","has-post-thumbnail","hentry","category-italia","tag-copertina"],"acf":[],"jetpack_publicize_connections":[],"_links":{"self":[{"href":"https:\/\/quicosenza.it\/news\/wp-json\/wp\/v2\/posts\/272287","targetHints":{"allow":["GET"]}}],"collection":[{"href":"https:\/\/quicosenza.it\/news\/wp-json\/wp\/v2\/posts"}],"about":[{"href":"https:\/\/quicosenza.it\/news\/wp-json\/wp\/v2\/types\/post"}],"author":[{"embeddable":true,"href":"https:\/\/quicosenza.it\/news\/wp-json\/wp\/v2\/users\/42"}],"replies":[{"embeddable":true,"href":"https:\/\/quicosenza.it\/news\/wp-json\/wp\/v2\/comments?post=272287"}],"version-history":[{"count":0,"href":"https:\/\/quicosenza.it\/news\/wp-json\/wp\/v2\/posts\/272287\/revisions"}],"wp:featuredmedia":[{"embeddable":true,"href":"https:\/\/quicosenza.it\/news\/wp-json\/wp\/v2\/media\/272289"}],"wp:attachment":[{"href":"https:\/\/quicosenza.it\/news\/wp-json\/wp\/v2\/media?parent=272287"}],"wp:term":[{"taxonomy":"category","embeddable":true,"href":"https:\/\/quicosenza.it\/news\/wp-json\/wp\/v2\/categories?post=272287"},{"taxonomy":"post_tag","embeddable":true,"href":"https:\/\/quicosenza.it\/news\/wp-json\/wp\/v2\/tags?post=272287"}],"curies":[{"name":"wp","href":"https:\/\/api.w.org\/{rel}","templated":true}]}}