{"id":272340,"date":"2025-10-09T19:29:41","date_gmt":"2025-10-09T17:29:41","guid":{"rendered":"https:\/\/www.quicosenza.it\/news\/?p=272340"},"modified":"2025-10-09T19:29:41","modified_gmt":"2025-10-09T17:29:41","slug":"tridico-si-confessa-dopo-la-sconfitta-colpa-anche-mia-non-siamo-stati-convincenti","status":"publish","type":"post","link":"https:\/\/quicosenza.it\/news\/tridico-si-confessa-dopo-la-sconfitta-colpa-anche-mia-non-siamo-stati-convincenti\/","title":{"rendered":"Tridico si confessa dopo la sconfitta: \u00abColpa anche mia, non siamo stati convincenti\u00bb"},"content":{"rendered":"<p>LAMEZIA TERME (CZ) &#8211; &#8220;La sconfitta pesa anche per responsabilit\u00e0 di ognuno, a cominciare dalla mia&#8221;. A dirlo <strong>Pasquale Tridico<\/strong>, parlando con i giornalisti in occasione della riunione a Lamezia dei consiglieri regionali eletti per il centrosinistra. &#8220;Evidentemente &#8211; ha aggiunto l&#8217;europarlamentare 5 Stelle &#8211; <strong>non siamo stati convincenti abbastanza nel progetto<\/strong> che volevamo esprimere. <strong>Per\u00f2, ripeto, il 40% dei votanti, di chi ha votato, aveva gi\u00e0 evidentemente le idee molto chiare.<\/strong> Il mio progetto richiamava soprattutto a un voto non gi\u00e0 incastrato nelle preferenze dei consiglieri regionali. Questo \u00e8 il dato principale che emerge. Ed \u00e8 questa la principale analisi che farei. Dopodich\u00e9 noi pensiamo che la campagna elettorale sia stata breve e lo \u00e8 stata, poco meno di un mese dal 6-7 di settembre fino al 3 di ottobre. Ma la difficolt\u00e0 principale \u00e8 stata soprattutto per chi ha dovuto fare le liste ad agosto. Vi assicuro che<strong> c&#8217;\u00e8 stata difficolt\u00e0<\/strong>, e quindi se mi rimprovero qualcosa \u00e8 quello di dire che avremmo dovuto avere pi\u00f9 tempo, quantomeno per fare le liste&#8221;.<\/p>\n","protected":false},"excerpt":{"rendered":"<p>LAMEZIA TERME (CZ) &#8211; &#8220;La sconfitta pesa anche per responsabilit\u00e0 di ognuno, a cominciare dalla mia&#8221;. A dirlo Pasquale Tridico, parlando con i giornalisti in occasione della riunione a Lamezia dei consiglieri regionali eletti per il centrosinistra. &#8220;Evidentemente &#8211; ha aggiunto l&#8217;europarlamentare 5 Stelle &#8211; non siamo stati convincenti abbastanza nel progetto che volevamo esprimere. [&hellip;]<\/p>\n","protected":false},"author":58,"featured_media":272358,"comment_status":"closed","ping_status":"closed","sticky":false,"template":"","format":"standard","meta":{"_acf_changed":false,"footnotes":"","jetpack_publicize_message":"","jetpack_publicize_feature_enabled":true,"jetpack_social_post_already_shared":false,"jetpack_social_options":{"image_generator_settings":{"template":"highway","default_image_id":0,"font":"","enabled":false},"version":2}},"categories":[17],"tags":[19],"class_list":["post-272340","post","type-post","status-publish","format-standard","has-post-thumbnail","hentry","category-calabria","tag-copertina"],"acf":[],"jetpack_publicize_connections":[],"_links":{"self":[{"href":"https:\/\/quicosenza.it\/news\/wp-json\/wp\/v2\/posts\/272340","targetHints":{"allow":["GET"]}}],"collection":[{"href":"https:\/\/quicosenza.it\/news\/wp-json\/wp\/v2\/posts"}],"about":[{"href":"https:\/\/quicosenza.it\/news\/wp-json\/wp\/v2\/types\/post"}],"author":[{"embeddable":true,"href":"https:\/\/quicosenza.it\/news\/wp-json\/wp\/v2\/users\/58"}],"replies":[{"embeddable":true,"href":"https:\/\/quicosenza.it\/news\/wp-json\/wp\/v2\/comments?post=272340"}],"version-history":[{"count":0,"href":"https:\/\/quicosenza.it\/news\/wp-json\/wp\/v2\/posts\/272340\/revisions"}],"wp:featuredmedia":[{"embeddable":true,"href":"https:\/\/quicosenza.it\/news\/wp-json\/wp\/v2\/media\/272358"}],"wp:attachment":[{"href":"https:\/\/quicosenza.it\/news\/wp-json\/wp\/v2\/media?parent=272340"}],"wp:term":[{"taxonomy":"category","embeddable":true,"href":"https:\/\/quicosenza.it\/news\/wp-json\/wp\/v2\/categories?post=272340"},{"taxonomy":"post_tag","embeddable":true,"href":"https:\/\/quicosenza.it\/news\/wp-json\/wp\/v2\/tags?post=272340"}],"curies":[{"name":"wp","href":"https:\/\/api.w.org\/{rel}","templated":true}]}}