{"id":272359,"date":"2025-10-09T20:09:01","date_gmt":"2025-10-09T18:09:01","guid":{"rendered":"https:\/\/www.quicosenza.it\/news\/?p=272359"},"modified":"2025-10-09T20:09:01","modified_gmt":"2025-10-09T18:09:01","slug":"scomparso-da-2-giorni-paura-per-lattivista-cosentino-prelevato-da-israele-liberate-vincenzo","status":"publish","type":"post","link":"https:\/\/quicosenza.it\/news\/scomparso-da-2-giorni-paura-per-lattivista-cosentino-prelevato-da-israele-liberate-vincenzo\/","title":{"rendered":"Scomparso da 2 giorni, paura per l&#8217;attivista cosentino prelevato da Israele: &#8220;Liberate Vincenzo&#8221;"},"content":{"rendered":"<p>COSENZA &#8211; Cresce la preoccupazione in queste ore per <strong><a href=\"https:\/\/quicosenza.it\/news\/calabria\/fermatafl-la-nuova-flotilla-per-gaza-tra-gli-attivisti-ce-anche-il-calabrese-vincenzo-fullone-video\" target=\"_blank\" rel=\"noopener\">Vincenzo Fullone<\/a><\/strong>, l&#8217;attivista di Crosia, imbarcatosi sulla nuova Flottila verso Gaza e prelevato dagli israeliani, di cui non si hanno notizie da due giorni. All&#8217;appello del <strong><a href=\"https:\/\/quicosenza.it\/news\/ionio\/flottilia-crosia-in-ansia-per-lattivista-vincenzo-fullone-il-sindaco-meloni-intervenga\" target=\"_blank\" rel=\"noopener\">sindaco di Crosia,<\/a> <\/strong>Maria Teresa Aiello, si aggiunge anche quello della <strong>deputata del M5S Anna Laura Orrico<\/strong> e dell&#8217;associazione <strong>Le Lampare Basso Jonio Cosentino.<\/strong><\/p>\n<h3><strong>Orrico:&#8221;Meloni e Mattarella intervengano&#8221;<\/strong><\/h3>\n<p>&#8220;Sono <strong>due giorni che non abbiamo notizie di Vincenzo Fullone<\/strong>, attivista calabrese imbarcatosi sulla nave Coscience della Freedom Flottila diretta verso la Striscia di Gaza, prelevato in acque internazionali dall\u2019esercito israeliano nonostante la natura assolutamente umanitaria della missione cui si era unito. Impegnato da anni in attivit\u00e0 di cooperazione e solidariet\u00e0, Fullone, che ora \u00e8 trattenuto dalle autorit\u00e0 israeliane, <strong>trasportava insieme ad i suoi compagni di viaggio 18 tonnellate di aiuti umanitari<\/strong> destinati agli ospedali ed alla popolazione palestinese&#8221;. Lo scrive sui social la<strong> deputata del M5S Anna Laura Orrico<\/strong>.<\/p>\n<p>Mi <strong>appello al Presidente della Repubblica Sergio Mattarella ed alla Presidente del Consiglio Giorgia Meloni<\/strong> affinch\u00e9 si attivino quanto prima per la liberazione del cooperante calabrese e di tutti i suoi compagni di missione fra cui medici e paramedici pronti ad operare sul campo. Le ragioni del diritto internazionale, dell\u2019umanit\u00e0 e della pace devono prevalere sul genocidio in corso e sui venti di guerra su cui soffia il governo di Netanyauh. Il nostro Paese non pu\u00f2 pi\u00f9 rimanere a guardare&#8221;.<\/p>\n<h3><strong>Le Lampare: &#8220;Sindaci cosentini unitevi per Vincenzo Fullone&#8221;<\/strong><\/h3>\n<p>Appello a tutte le istituzioni calabresi per Vincenzo Fullone.<br \/>\nChiediamo ufficialmente alle istituzioni locali, regionali e ai rappresentanti nazionali di prendere posizione per la liberazione di Vincenzo Fullone, attivista calabrese detenuto in Israele. Cominciando dal nostro Comune e dall\u2019amministrazione comunale di Cariati e da tutto il territorio del Basso Jonio, fino alla Provincia di Cosenza, nella sua dimensione istituzionale e rappresentativa, a partire dalla presidente Rosaria Succurro.<br \/>\nFullone \u00e8 stato arrestato mentre partecipava alla missione umanitaria della Freedom Flotilla Coalition e del progetto &#8220;Thousand Madleens to Gaza&#8221;, diretti verso la Striscia di Gaza con l\u2019obiettivo di portare medicinali e solidariet\u00e0.<\/p>\n<p>Bisogna unirsi alla sindaca di Mirto Crosia che ha gi\u00e0 lanciato un appello alle istituzioni regionali e nazionali \u2013 presidente della Regione Calabria, consiglieri regionali, parlamentari calabresi e governo \u2013 affinch\u00e9 si attivino per la sua liberazione e per la tutela degli attivisti italiani impegnati in missioni umanitarie.<\/p>\n<p>L\u2019USB Calabria ha preso posizione con forza, denunciando l\u2019arresto come un atto di repressione contro la solidariet\u00e0 internazionale e chiedendo l\u2019immediata liberazione di Fullone e degli altri attivisti coinvolti. Il coordinamento dei comitati calabresi per la Palestina ha rilanciato l\u2019appello, sottolineando la necessit\u00e0 di un fronte istituzionale compatto.<\/p>\n<p>Ora invitiamo pubblicamente tutti i sindaci del territorio a fare lo stesso: da Corigliano-Rossano a Calopezzati a Campana, da Bocchigliero a Longobucco, da Pietrapaola a Mandatoriccio, da Terravecchia a Scala Coeli, da Cropalati a Paludi.<br \/>\nInvitiamo anche i parlamentari calabresi, il Presidente Occhiuto, i consiglieri regionali, gli assessori, i presidenti di provincia, i rappresentanti di partito e tutti gli esponenti politici del territorio a prendere posizione. Senza ambiguit\u00e0. Senza calcoli.<br \/>\nIl silenzio non \u00e8 neutro.<\/p>\n","protected":false},"excerpt":{"rendered":"<p>COSENZA &#8211; Cresce la preoccupazione in queste ore per Vincenzo Fullone, l&#8217;attivista di Crosia, imbarcatosi sulla nuova Flottila verso Gaza e prelevato dagli israeliani, di cui non si hanno notizie da due giorni. All&#8217;appello del sindaco di Crosia, Maria Teresa Aiello, si aggiunge anche quello della deputata del M5S Anna Laura Orrico e dell&#8217;associazione Le [&hellip;]<\/p>\n","protected":false},"author":58,"featured_media":272360,"comment_status":"closed","ping_status":"closed","sticky":false,"template":"","format":"standard","meta":{"_acf_changed":false,"footnotes":"","jetpack_publicize_message":"","jetpack_publicize_feature_enabled":true,"jetpack_social_post_already_shared":false,"jetpack_social_options":{"image_generator_settings":{"template":"highway","default_image_id":0,"font":"","enabled":false},"version":2}},"categories":[572],"tags":[19],"class_list":["post-272359","post","type-post","status-publish","format-standard","has-post-thumbnail","hentry","category-ionio","tag-copertina"],"acf":[],"jetpack_publicize_connections":[],"_links":{"self":[{"href":"https:\/\/quicosenza.it\/news\/wp-json\/wp\/v2\/posts\/272359","targetHints":{"allow":["GET"]}}],"collection":[{"href":"https:\/\/quicosenza.it\/news\/wp-json\/wp\/v2\/posts"}],"about":[{"href":"https:\/\/quicosenza.it\/news\/wp-json\/wp\/v2\/types\/post"}],"author":[{"embeddable":true,"href":"https:\/\/quicosenza.it\/news\/wp-json\/wp\/v2\/users\/58"}],"replies":[{"embeddable":true,"href":"https:\/\/quicosenza.it\/news\/wp-json\/wp\/v2\/comments?post=272359"}],"version-history":[{"count":0,"href":"https:\/\/quicosenza.it\/news\/wp-json\/wp\/v2\/posts\/272359\/revisions"}],"wp:featuredmedia":[{"embeddable":true,"href":"https:\/\/quicosenza.it\/news\/wp-json\/wp\/v2\/media\/272360"}],"wp:attachment":[{"href":"https:\/\/quicosenza.it\/news\/wp-json\/wp\/v2\/media?parent=272359"}],"wp:term":[{"taxonomy":"category","embeddable":true,"href":"https:\/\/quicosenza.it\/news\/wp-json\/wp\/v2\/categories?post=272359"},{"taxonomy":"post_tag","embeddable":true,"href":"https:\/\/quicosenza.it\/news\/wp-json\/wp\/v2\/tags?post=272359"}],"curies":[{"name":"wp","href":"https:\/\/api.w.org\/{rel}","templated":true}]}}