{"id":272430,"date":"2025-10-10T17:00:12","date_gmt":"2025-10-10T15:00:12","guid":{"rendered":"https:\/\/www.quicosenza.it\/news\/?p=272430"},"modified":"2025-10-10T17:12:12","modified_gmt":"2025-10-10T15:12:12","slug":"capodanno-rai-a-catanzaro-montano-le-polemiche-per-lesclusione-di-cosenza-occhiuto-odia-la-sua-citta","status":"publish","type":"post","link":"https:\/\/quicosenza.it\/news\/capodanno-rai-a-catanzaro-montano-le-polemiche-per-lesclusione-di-cosenza-occhiuto-odia-la-sua-citta\/","title":{"rendered":"Capodanno Rai a Catanzaro? Montano le polemiche per l&#8217;esclusione di Cosenza: \u00abOcchiuto odia la sua citt\u00e0\u00bb"},"content":{"rendered":"<p>COSENZA &#8211; Sciolto il nodo delle elezioni regionali, si guarda al prossimo <strong>capodanno<\/strong>, quello <strong>Rai<\/strong>, con il programma <strong>L&#8217;anno che verr\u00e0 <\/strong>che, come da contratto, si terr\u00e0 ancora in Calabria. Dalla Regione, dopo Crotone e <strong><a href=\"https:\/\/quicosenza.it\/news\/calabria\/lanno-che-verra-il-capodanno-rai-in-calabria-visto-da-53-milioni-di-italiani-share-3679\" target=\"_blank\" rel=\"noopener\">Reggio Calabria<\/a><\/strong>, si mantiene il riserbo ma a quanto trapela pare che sia <strong>Catanzaro<\/strong> la citt\u00e0 scelta per il grande evento, lasciando cos\u00ec <strong>fuori dai giochi Cosenza.<\/strong> Diverse ed insistenti le voci che indicherebbero il capoluogo di regione come location prescelta, anche a seguito di <strong>diversi sopralluoghi effettuati.\u00a0<\/strong><\/p>\n<p>Ad esprimersi sulla questione, lanciando un pesante attacco sia al presidente della <strong><a href=\"https:\/\/www.regione.calabria.it\/\" target=\"_blank\" rel=\"noopener\">Regione<\/a><\/strong> Occhiuto che al sindaco di Cosenza, Caruso, \u00e8 Calabria per Tridico che in una nota tuona: &#8220;Il capodanno si terr\u00e0 a Catanzaro su Rai uno. \u00c8 la conferma che<strong> Occhiuto odia la sua citt\u00e0<\/strong> e la sua <strong>provincia<\/strong> che rappresentano il 43% della popolazione calabrese. Cosenza meritava questo riconoscimento per la sua bellezza storica&#8221;.<\/p>\n<h3>Capodanno Rai a Catanzaro: il monito per il sindaco Caruso<\/h3>\n<p>&#8220;Franz Caruso ne approfitti e insieme a lu\u00ec la sua coalizione per <strong>correggere gli errori e ripartire.<\/strong> Non stia chiuso ma si apra e rilanci la sua azione amministrativa. Per i cosentini questa \u00e8 una profonda ferita. &#8211; aggiuge Calabria per Tridico &#8211; Che si unisce alla scelta dell&#8217;ospedale e altre attivit\u00e0 che hanno <strong>spogliato il significato del capoluogo<\/strong>&#8220;.<\/p>\n<p>&#8220;Se i riformisti e il centrosinistra trovano la quadra, se mettono da parte i rancori, lo batteranno ancora. E pensino anche a discutere tra loro ma senza rompere e senza fare regali ad Occhiuto. Vale anche per Principe e per tutti i sindaci della provincia. &#8211; conclude &#8211; Il capodanno Rai non \u00e8 una cosa amena ma un <strong>investimento di milioni di euro che d\u00e0 visibilit\u00e0 alle citt\u00e0. Farne tre escludendo il capoluogo di provincia pi\u00f9 importante \u00e8 grave&#8221;.<\/strong><\/p>\n","protected":false},"excerpt":{"rendered":"<p>COSENZA &#8211; Sciolto il nodo delle elezioni regionali, si guarda al prossimo capodanno, quello Rai, con il programma L&#8217;anno che verr\u00e0 che, come da contratto, si terr\u00e0 ancora in Calabria. Dalla Regione, dopo Crotone e Reggio Calabria, si mantiene il riserbo ma a quanto trapela pare che sia Catanzaro la citt\u00e0 scelta per il grande [&hellip;]<\/p>\n","protected":false},"author":90,"featured_media":228919,"comment_status":"closed","ping_status":"closed","sticky":false,"template":"","format":"standard","meta":{"_acf_changed":false,"footnotes":"","jetpack_publicize_message":"","jetpack_publicize_feature_enabled":true,"jetpack_social_post_already_shared":false,"jetpack_social_options":{"image_generator_settings":{"template":"highway","default_image_id":0,"font":"","enabled":false},"version":2}},"categories":[17],"tags":[19],"class_list":["post-272430","post","type-post","status-publish","format-standard","has-post-thumbnail","hentry","category-calabria","tag-copertina"],"acf":[],"jetpack_publicize_connections":[],"_links":{"self":[{"href":"https:\/\/quicosenza.it\/news\/wp-json\/wp\/v2\/posts\/272430","targetHints":{"allow":["GET"]}}],"collection":[{"href":"https:\/\/quicosenza.it\/news\/wp-json\/wp\/v2\/posts"}],"about":[{"href":"https:\/\/quicosenza.it\/news\/wp-json\/wp\/v2\/types\/post"}],"author":[{"embeddable":true,"href":"https:\/\/quicosenza.it\/news\/wp-json\/wp\/v2\/users\/90"}],"replies":[{"embeddable":true,"href":"https:\/\/quicosenza.it\/news\/wp-json\/wp\/v2\/comments?post=272430"}],"version-history":[{"count":0,"href":"https:\/\/quicosenza.it\/news\/wp-json\/wp\/v2\/posts\/272430\/revisions"}],"wp:featuredmedia":[{"embeddable":true,"href":"https:\/\/quicosenza.it\/news\/wp-json\/wp\/v2\/media\/228919"}],"wp:attachment":[{"href":"https:\/\/quicosenza.it\/news\/wp-json\/wp\/v2\/media?parent=272430"}],"wp:term":[{"taxonomy":"category","embeddable":true,"href":"https:\/\/quicosenza.it\/news\/wp-json\/wp\/v2\/categories?post=272430"},{"taxonomy":"post_tag","embeddable":true,"href":"https:\/\/quicosenza.it\/news\/wp-json\/wp\/v2\/tags?post=272430"}],"curies":[{"name":"wp","href":"https:\/\/api.w.org\/{rel}","templated":true}]}}