{"id":272434,"date":"2025-10-10T16:30:09","date_gmt":"2025-10-10T14:30:09","guid":{"rendered":"https:\/\/www.quicosenza.it\/news\/?p=272434"},"modified":"2025-10-17T07:18:14","modified_gmt":"2025-10-17T05:18:14","slug":"incendio-ai-campi-di-calcio-dei-villaggio-europa-il-comune-di-rende-presenta-denuncia-contro-ignoti","status":"publish","type":"post","link":"https:\/\/quicosenza.it\/news\/incendio-ai-campi-di-calcio-dei-villaggio-europa-il-comune-di-rende-presenta-denuncia-contro-ignoti\/","title":{"rendered":"Incendio ai campi di calcio dei Villaggio Europa. Il comune di Rende presenta denuncia contro ignoti"},"content":{"rendered":"<p data-start=\"2692\" data-end=\"2980\">RENDE &#8211; Su quanto accaduto questa notte a Rende, dove\u00a0nella tarda serata di ieri, la struttura<strong> dei campetti di calcio del Villaggio Europa<\/strong> \u00e8 stata <a href=\"https:\/\/quicosenza.it\/news\/area-urbana\/rende-incendio-alla-struttura-sportiva-di-villaggio-europa-attacco-al-bene-pubblico-e-alla-socialita\" target=\"_blank\" rel=\"noopener\">colpita da un rogo<\/a> che ha interessato in particolare<strong> gli spogliatoio del campo di calcio e una saletta interna, <\/strong>\u00e8 intervenuta con una nota l&#8217;Amministrazione comunale di Rende che ha annunciato di aver presentato<strong> denuncia contro ignoti<\/strong>.<\/p>\n<h3 data-start=\"2692\" data-end=\"2980\">Incendio ai campetti del Villaggio Europa: la nota del comune di Rende<\/h3>\n<p data-start=\"2692\" data-end=\"2980\">\u00abL&#8217;evento ha destato immediata <strong>preoccupazione tra i residenti e l\u2019intera comunit\u00e0 rendese<\/strong>. Il sindaco, l&#8217;onorevole Sandro Principe, e l\u2019intera Giunta comunale <strong>si sono immediatamente attivati,<\/strong> disponendo tutti <strong>gli interventi necessari per garantire la sicurezza dei cittadini<\/strong> e assicurare la massima collaborazione con le autorit\u00e0 preposte. Per fare al pi\u00f9 presto piena luce sulle cause e sulle responsabilit\u00e0 dell\u2019accaduto, l\u2019Amministrazione comunale ha <strong>presentato formale denuncia contro ignoti<\/strong>\u00bb.<\/p>\n<p data-start=\"2692\" data-end=\"2980\"><img loading=\"lazy\" decoding=\"async\" class=\"wp-image-272404 aligncenter\" src=\"https:\/\/quicosenza.it\/news\/wp-content\/uploads\/2025\/10\/558474655_1328851982365112_2072001588234057509_n.jpg\" alt=\"\" width=\"501\" height=\"318\" title=\"\" srcset=\"https:\/\/quicosenza.it\/news\/wp-content\/uploads\/2025\/10\/558474655_1328851982365112_2072001588234057509_n.jpg 970w, https:\/\/quicosenza.it\/news\/wp-content\/uploads\/2025\/10\/558474655_1328851982365112_2072001588234057509_n-300x191.jpg 300w, https:\/\/quicosenza.it\/news\/wp-content\/uploads\/2025\/10\/558474655_1328851982365112_2072001588234057509_n-768x488.jpg 768w, https:\/\/quicosenza.it\/news\/wp-content\/uploads\/2025\/10\/558474655_1328851982365112_2072001588234057509_n-661x420.jpg 661w, https:\/\/quicosenza.it\/news\/wp-content\/uploads\/2025\/10\/558474655_1328851982365112_2072001588234057509_n-150x95.jpg 150w, https:\/\/quicosenza.it\/news\/wp-content\/uploads\/2025\/10\/558474655_1328851982365112_2072001588234057509_n-696x442.jpg 696w\" sizes=\"auto, (max-width: 501px) 100vw, 501px\" \/><\/p>\n<p>\u00ab\u00c8 fondamentale comprendere &#8211;\u00a0 si legge ancora &#8211; cosa sia successo e <strong>ricostruire l&#8217;accaduto<\/strong>. Ringraziamo sentitamente i Vigili del Fuoco, le Forze dell\u2019Ordine e tutti coloro che sono intervenuti tempestivamente sul posto, e<strong>vitando conseguenze ancora pi\u00f9 gravi per la nostra comunit\u00e0<\/strong>\u00bb.<\/p>\n<p>\u00abL\u2019Amministrazione comunale di Rende co<strong>ntinuer\u00e0 a seguire con la massima attenzione l\u2019evolversi della situazione<\/strong>, garantendo una costante informazione alla cittadinanza in merito agli sviluppi\u00bb.<\/p>\n","protected":false},"excerpt":{"rendered":"<p>La nota del comune di Rende sull&#8217;incendio che ieri ha colpito gli spogliatoi e una saletta dei campetti di calcio situati al Villaggio Europa<\/p>\n","protected":false},"author":55,"featured_media":272403,"comment_status":"closed","ping_status":"closed","sticky":false,"template":"","format":"standard","meta":{"_acf_changed":false,"footnotes":"","jetpack_publicize_message":"","jetpack_publicize_feature_enabled":true,"jetpack_social_post_already_shared":false,"jetpack_social_options":{"image_generator_settings":{"template":"highway","default_image_id":0,"font":"","enabled":false},"version":2}},"categories":[563,44],"tags":[19],"class_list":["post-272434","post","type-post","status-publish","format-standard","has-post-thumbnail","hentry","category-area-urbana","category-rende","tag-copertina"],"acf":[],"jetpack_publicize_connections":[],"_links":{"self":[{"href":"https:\/\/quicosenza.it\/news\/wp-json\/wp\/v2\/posts\/272434","targetHints":{"allow":["GET"]}}],"collection":[{"href":"https:\/\/quicosenza.it\/news\/wp-json\/wp\/v2\/posts"}],"about":[{"href":"https:\/\/quicosenza.it\/news\/wp-json\/wp\/v2\/types\/post"}],"author":[{"embeddable":true,"href":"https:\/\/quicosenza.it\/news\/wp-json\/wp\/v2\/users\/55"}],"replies":[{"embeddable":true,"href":"https:\/\/quicosenza.it\/news\/wp-json\/wp\/v2\/comments?post=272434"}],"version-history":[{"count":0,"href":"https:\/\/quicosenza.it\/news\/wp-json\/wp\/v2\/posts\/272434\/revisions"}],"wp:featuredmedia":[{"embeddable":true,"href":"https:\/\/quicosenza.it\/news\/wp-json\/wp\/v2\/media\/272403"}],"wp:attachment":[{"href":"https:\/\/quicosenza.it\/news\/wp-json\/wp\/v2\/media?parent=272434"}],"wp:term":[{"taxonomy":"category","embeddable":true,"href":"https:\/\/quicosenza.it\/news\/wp-json\/wp\/v2\/categories?post=272434"},{"taxonomy":"post_tag","embeddable":true,"href":"https:\/\/quicosenza.it\/news\/wp-json\/wp\/v2\/tags?post=272434"}],"curies":[{"name":"wp","href":"https:\/\/api.w.org\/{rel}","templated":true}]}}