{"id":272435,"date":"2025-10-10T17:30:30","date_gmt":"2025-10-10T15:30:30","guid":{"rendered":"https:\/\/www.quicosenza.it\/news\/?p=272435"},"modified":"2025-10-10T17:32:54","modified_gmt":"2025-10-10T15:32:54","slug":"crosiacs-scende-in-piazza-per-liberare-fullone-e-gli-ostaggi-palestinesi-questione-di-umanita","status":"publish","type":"post","link":"https:\/\/quicosenza.it\/news\/crosiacs-scende-in-piazza-per-liberare-fullone-e-gli-ostaggi-palestinesi-questione-di-umanita\/","title":{"rendered":"Crosia scende in piazza per la liberazione di Fullone e degli ostaggi palestinesi: \u00abQuestione di umanit\u00e0\u00bb"},"content":{"rendered":"<p>CROSIA (CS) &#8211; Il sindaco l&#8217;aveva <strong><a href=\"https:\/\/quicosenza.it\/news\/calabria\/vincenzo-fullone-in-stato-di-fermo-tutta-la-calabria-si-mobilita-dagli-appelli-alla-petizione-per-la-liberazione\" target=\"_blank\" rel=\"noopener\">anticipato<\/a><\/strong> e lo ha fatto. <strong>Crosia<\/strong>, la cittadina ionica che ha dato i natali a <strong>Vincenzo Fullone,<\/strong> si mobilita per chiedere la sua liberazione. \u00c8 prevista per domani, <strong>sabato 11 ottobre,<\/strong> una manifestazione a sostegno della Palestina e di tutti i primigionieri detenuti illegalmente in Israele, compreso Fullone.<\/p>\n<p><strong>&#8220;Crosia is Gaza&#8221;<\/strong> \u00e8 intitolato il presidio organizzato dall&#8217;amministrazione comunale di Crosia <strong>in piazza Dante alle 16,30, <\/strong>diffuso sui <strong><a href=\"https:\/\/www.facebook.com\/profile.php?id=61562546987794\" target=\"_blank\" rel=\"noopener\">canali social ufficiali<\/a><\/strong> del Comune, per chiedere la <strong>liberazione di tutti gli ostaggi<\/strong> palestinesi e dell&#8217;attivista calabrese fermato e sequestrato nei giorni scorsi perch\u00e8 presente sulla nave Coscience diretta a Gaza con farmaci e aiuti.<\/p>\n<div dir=\"auto\">&#8220;Liberazione degli ostaggi palestinesi. Liberazione del nostro concittadino Vincenzo! &#8211; cos\u00ec il Comune di Crosia annuncia la mobilitazione &#8211;\u00a0 Domani, sabato 11 ottobre, presidio in piazza Dante alle 16,30. <strong>Non \u00e8 una questione politica: \u00e8 una questione di umanit\u00e0<\/strong>&#8220;.<\/div>\n<h3>Crosia, presidio in piazza: si unisce Unical per la Palestina e Le Lampare<\/h3>\n<p>Ad Unirsi all&#8217;appello c&#8217;\u00e8 anche <strong>Unical per la Palestina<\/strong> e l&#8217;associazione<strong> Le Lampare<\/strong> che in una nota fanno sapere: &#8220;Non possiamo restare in silenzio mentre il nostro concittadino Vincenzo Fullone \u00e8 detenuto illegalmente nelle prigioni israeliane e le notizie sulle sue condizioni sono scarse &#8211; tuonano &#8211; Scendiamo in piazza per <strong>gridare la nostra rabbia e la nostra solidariet\u00e0.<\/strong> <strong>Dalle carceri israeliane devono uscire tutti:<\/strong> gli oltre 10.000 palestinesi &#8211; uomini, donne e minori, detenuti (anche senza accuse) in condizioni disumane &#8211; e Vincenzo Fullone&#8221;.<\/p>\n<p>Si chiede alla premier Giorgia Meloni &#8220;<strong>un&#8217;azione immediata e concreta per la liberazione di Vincenzo e di tutti i prigionieri politici palestinesi<\/strong>&#8220;. Il comitato e l&#8217;associazione sostiene l&#8217;appello di mobilitazione lanciato nelle scorse ore dalla sindaca di Crosia Maria Teresa Aiello. &#8220;Le istituzioni devono muoversi, ADESSO! Basta complicit\u00e0 con il genocidio. Libert\u00e0 per Vincenzo, libert\u00e0 per la Palestina&#8221; conclude Unical per la Palestina.<\/p>\n","protected":false},"excerpt":{"rendered":"<p>CROSIA (CS) &#8211; Il sindaco l&#8217;aveva anticipato e lo ha fatto. Crosia, la cittadina ionica che ha dato i natali a Vincenzo Fullone, si mobilita per chiedere la sua liberazione. \u00c8 prevista per domani, sabato 11 ottobre, una manifestazione a sostegno della Palestina e di tutti i primigionieri detenuti illegalmente in Israele, compreso Fullone. &#8220;Crosia [&hellip;]<\/p>\n","protected":false},"author":90,"featured_media":272437,"comment_status":"closed","ping_status":"closed","sticky":false,"template":"","format":"standard","meta":{"_acf_changed":false,"footnotes":"","jetpack_publicize_message":"","jetpack_publicize_feature_enabled":true,"jetpack_social_post_already_shared":false,"jetpack_social_options":{"image_generator_settings":{"template":"highway","default_image_id":0,"font":"","enabled":false},"version":2}},"categories":[572],"tags":[19],"class_list":["post-272435","post","type-post","status-publish","format-standard","has-post-thumbnail","hentry","category-ionio","tag-copertina"],"acf":[],"jetpack_publicize_connections":[],"_links":{"self":[{"href":"https:\/\/quicosenza.it\/news\/wp-json\/wp\/v2\/posts\/272435","targetHints":{"allow":["GET"]}}],"collection":[{"href":"https:\/\/quicosenza.it\/news\/wp-json\/wp\/v2\/posts"}],"about":[{"href":"https:\/\/quicosenza.it\/news\/wp-json\/wp\/v2\/types\/post"}],"author":[{"embeddable":true,"href":"https:\/\/quicosenza.it\/news\/wp-json\/wp\/v2\/users\/90"}],"replies":[{"embeddable":true,"href":"https:\/\/quicosenza.it\/news\/wp-json\/wp\/v2\/comments?post=272435"}],"version-history":[{"count":0,"href":"https:\/\/quicosenza.it\/news\/wp-json\/wp\/v2\/posts\/272435\/revisions"}],"wp:featuredmedia":[{"embeddable":true,"href":"https:\/\/quicosenza.it\/news\/wp-json\/wp\/v2\/media\/272437"}],"wp:attachment":[{"href":"https:\/\/quicosenza.it\/news\/wp-json\/wp\/v2\/media?parent=272435"}],"wp:term":[{"taxonomy":"category","embeddable":true,"href":"https:\/\/quicosenza.it\/news\/wp-json\/wp\/v2\/categories?post=272435"},{"taxonomy":"post_tag","embeddable":true,"href":"https:\/\/quicosenza.it\/news\/wp-json\/wp\/v2\/tags?post=272435"}],"curies":[{"name":"wp","href":"https:\/\/api.w.org\/{rel}","templated":true}]}}