{"id":272442,"date":"2025-10-10T17:52:24","date_gmt":"2025-10-10T15:52:24","guid":{"rendered":"https:\/\/www.quicosenza.it\/news\/?p=272442"},"modified":"2025-10-10T17:53:01","modified_gmt":"2025-10-10T15:53:01","slug":"cosenzacs-7-nuovi-pulsossimetri-in-pediatria-allannunziata-solidarieta-da-comune-e-diocesi","status":"publish","type":"post","link":"https:\/\/quicosenza.it\/news\/cosenzacs-7-nuovi-pulsossimetri-in-pediatria-allannunziata-solidarieta-da-comune-e-diocesi\/","title":{"rendered":"Cosenza, 7 nuovi pulsossimetri in pediatria all\u2019Annunziata: solidariet\u00e0 da Comune e Diocesi"},"content":{"rendered":"<p>COSENZA &#8211; &#8220;E&#8217; un momento bello e felice quello che stiamo vivendo stamani, perch\u00e9 \u00e8 fatto di collaborazione istituzionale e, soprattutto, di solidariet\u00e0 verso il nostro Ospedale a favore dei piccoli pazienti della nostra comunit\u00e0&#8221;. E&#8217; quanto ha affermato il <strong>sindaco Franz Caruso<\/strong> consegnando, insieme a S.E. <strong>Monsignor Giovanni Checchinato<\/strong>, alla <strong>dott.ssa Valentina Rossi<\/strong> ed alla <strong>caposala Monia Pizzuti i<\/strong>n rappresentanza del reparto di <strong>pediatria dell&#8217;Annunziata<\/strong>, <strong>7 pulsossimetri a muro<\/strong>, soddisfacendo una esigenza avanzata dal primario Domenico Spirl\u00ec, assente alla iniziativa per problemi di salute.<\/p>\n<h3><strong>Caruso: &#8220;Annunziata fatiscente, diritto a ospedale degno&#8221;<\/strong><\/h3>\n<p>Alla sobria cerimonia di consegna delle importanti attrezzature mediche hanno partecipato alcuni parroci della citt\u00e0, tra cui don Piermaria del Vecchio, vicario della Forania, e don Dario De Paola tra i promotori dell&#8217;iniziativa, il direttore della Caritas Diocesana, Pino Fabiano, il consigliere delegato ai rapporti con le comunit\u00e0 religiose, Francesco Turco, i Cavalieri e Dame del sacro militare ordine Costantiniano di San Giorgio rappresentato da Francesco Piro ed il dott. Giuseppe Notarianni per il reparto di fisioterapia dell&#8217;Annunziata.<\/p>\n<p>&#8220;In occasione dell&#8217;anno Giubilare \u2013 ha proseguito Franz Caruso &#8211; \u00e8 nata l&#8217;idea, che ho subito accolto, di lasciare un segno tangibile alla nostra comunit\u00e0, attraverso una forte sinergia tra la nostra istituzione laica e quella religiosa, in continuit\u00e0 con un<strong> rapporto tra Comune e Diocesi, stretto sin dal mio insediamento<\/strong> e che con l&#8217;avvento di Monsignor Checchinato si \u00e8 molto rafforzato. La consegna dei pulsossimetri \u00e8, dunque, un atto concreto nato da questo rapporto sinergico tra le due pi\u00f9 importanti istituzioni di Cosenza, il Comune e la Diocesi, che mi auguro possa proseguire in futuro con la raccolta di ulteriori fondi per migliorare la strumentazione medica del nostro presidio ospedaliero&#8221;.<\/p>\n<p>Franz Caruso pur precisando di non essere il responsabile della sanit\u00e0 ha tenuto a ribadire la responsabilit\u00e0 della salute pubblica che \u00e8 in capo al suo incarico di Sindaco e che lo porta a dover registrare il bisogno della comunit\u00e0 di essere dotata di strutture moderne ed accoglienti &#8221; affinch\u00e9 \u2013 ha sostenuto \u2013 questi luoghi di sofferenza siano dignitosi e confortevoli per<strong> lenire per quanto possibile afflizioni e tribolazioni dei pazienti<\/strong>, ma anche per offrire condizioni di lavoro e di assistenza adeguate a tutto l&#8217;apparato medico, infermieristico, paramedico e di volontariato che in esso opera con straordinarie capacit\u00e0 ed abnegazione&#8221;.<\/p>\n<p>&#8220;<strong>L&#8217;Annunziata \u00e8 una struttura vecchia e fatiscente<\/strong> \u2013 ha proseguito Franz Caruso &#8211; ed <strong>abbiamo diritto ad avere un Ospedale degno di questo nome<\/strong> anche perch\u00e9 \u00e8 punto di riferimento per tutta la nostra vastissima provincia. La comunit\u00e0 cosentina deve, quindi, essere sensibilizzata a porre in essere azioni appropriate per mantenere a Cosenza un presidio ospedaliero capace di soddisfare le esigenze dei suoi utenti. Sono favorevole alla realizzazione di un policlinico universitario, che \u00e8 pi\u00f9 votato allo studio ed alla ricerca, ma non possiamo rinunciare a Cosenza ad avere un luogo di cura degno di questo nome, che dovr\u00e0 essere a servizio non pi\u00f9 della piccola area urbana disegnata nel passato, ma di un&#8217;area vasta metropolitana che comprende le Serre, il Savuto, la Presila e la media valle del Crati.<\/p>\n<p>La citt\u00e0 capoluogo deve svolgere un ruolo di motore di sviluppo anche nella sanit\u00e0 e per poterlo fare deve essere dotata di un ospedale al passo con i tempi, moderno ed all&#8217;avanguardia, capace anche di ospitare la nuova tecnologia sanitaria, che oggi manca. I nostri medici, i nostri infermieri, gli OSS sono di elevata professionalit\u00e0, ma mi rendo conto che da solo l&#8217;uomo non pu\u00f2 fare pi\u00f9 di tanto, soprattutto se non ci sono i numeri sufficienti e noi, nel nostro ospedale, abbiamo una grave carenza di personale. Mi auguro, pertanto, che questi messaggi di solidariet\u00e0 istituzionale possano raggiungere chi governa la sanit\u00e0 nel nostro territorio con un messaggio chiaro: Cosenza vuole il suo ospedale nuovo perch\u00e9 vuole rappresentare un punto di riferimento di un nuovo modo di intendere e praticare la sanit\u00e0 pubblica&#8221;.<\/p>\n<h3><strong>Checchinato: &#8220;Il mondo deve imparare dai pi\u00f9 piccoli&#8221;<\/strong><\/h3>\n<p>&#8220;In questo tempo Giubilare abbiamo pensato di lasciare un segno \u2013 ha affermato Monsignor Giovanni Checchinato &#8211; ed il segno che abbiamo voluto dare oggi \u00e8 particolarmente importante perch\u00e9 \u00e8 a servizio dei pi\u00f9 piccoli. Ges\u00f9 ci ha detto che il mondo deve imparare a camminare con il passo dei piccoli e sono loro che sono curati in questo reparto per cui \u00e8 il segno lasciato stamani \u00e8 davvero bello&#8221;.<\/p>\n<p>Il consigliere Francesco Turco ha, infine, ringraziato tutti i parroci della Forania Urbana I che ha assunto la decisione di realizzare come segno Giubilare la fornitura di attrezzature mediche presso il<strong> Reparto di Pediatria dell&#8217;Ospedale Civile dell&#8217;Annunziata di Cosenza e tutti i fedeli che hanno contribuito alla raccolta fondi, insieme al Comune di Cosenza, alla Caritas Diocesana, ai Cavalieri e Dame del sacro militare ordine Costantiniano di San Giorgio ed al reparto di fisioterapia dell&#8217;Annunziata<\/strong>.<\/p>\n","protected":false},"excerpt":{"rendered":"<p>COSENZA &#8211; &#8220;E&#8217; un momento bello e felice quello che stiamo vivendo stamani, perch\u00e9 \u00e8 fatto di collaborazione istituzionale e, soprattutto, di solidariet\u00e0 verso il nostro Ospedale a favore dei piccoli pazienti della nostra comunit\u00e0&#8221;. E&#8217; quanto ha affermato il sindaco Franz Caruso consegnando, insieme a S.E. Monsignor Giovanni Checchinato, alla dott.ssa Valentina Rossi ed [&hellip;]<\/p>\n","protected":false},"author":58,"featured_media":272449,"comment_status":"closed","ping_status":"closed","sticky":false,"template":"","format":"standard","meta":{"_acf_changed":false,"footnotes":"","jetpack_publicize_message":"","jetpack_publicize_feature_enabled":true,"jetpack_social_post_already_shared":false,"jetpack_social_options":{"image_generator_settings":{"template":"highway","default_image_id":0,"font":"","enabled":false},"version":2}},"categories":[563,42],"tags":[19],"class_list":["post-272442","post","type-post","status-publish","format-standard","has-post-thumbnail","hentry","category-area-urbana","category-cosenza","tag-copertina"],"acf":[],"jetpack_publicize_connections":[],"_links":{"self":[{"href":"https:\/\/quicosenza.it\/news\/wp-json\/wp\/v2\/posts\/272442","targetHints":{"allow":["GET"]}}],"collection":[{"href":"https:\/\/quicosenza.it\/news\/wp-json\/wp\/v2\/posts"}],"about":[{"href":"https:\/\/quicosenza.it\/news\/wp-json\/wp\/v2\/types\/post"}],"author":[{"embeddable":true,"href":"https:\/\/quicosenza.it\/news\/wp-json\/wp\/v2\/users\/58"}],"replies":[{"embeddable":true,"href":"https:\/\/quicosenza.it\/news\/wp-json\/wp\/v2\/comments?post=272442"}],"version-history":[{"count":0,"href":"https:\/\/quicosenza.it\/news\/wp-json\/wp\/v2\/posts\/272442\/revisions"}],"wp:featuredmedia":[{"embeddable":true,"href":"https:\/\/quicosenza.it\/news\/wp-json\/wp\/v2\/media\/272449"}],"wp:attachment":[{"href":"https:\/\/quicosenza.it\/news\/wp-json\/wp\/v2\/media?parent=272442"}],"wp:term":[{"taxonomy":"category","embeddable":true,"href":"https:\/\/quicosenza.it\/news\/wp-json\/wp\/v2\/categories?post=272442"},{"taxonomy":"post_tag","embeddable":true,"href":"https:\/\/quicosenza.it\/news\/wp-json\/wp\/v2\/tags?post=272442"}],"curies":[{"name":"wp","href":"https:\/\/api.w.org\/{rel}","templated":true}]}}