{"id":272459,"date":"2025-10-10T19:52:52","date_gmt":"2025-10-10T17:52:52","guid":{"rendered":"https:\/\/www.quicosenza.it\/news\/?p=272459"},"modified":"2025-10-10T19:52:39","modified_gmt":"2025-10-10T17:52:39","slug":"allarme-pronto-soccorso-a-cosenza-13-ambulanze-ferme-il-sindaco-situazione-drammatica","status":"publish","type":"post","link":"https:\/\/quicosenza.it\/news\/allarme-pronto-soccorso-a-cosenza-13-ambulanze-ferme-il-sindaco-situazione-drammatica\/","title":{"rendered":"Allarme Pronto Soccorso a Cosenza: 13 ambulanze ferme. Il sindaco: &#8220;Situazione drammatica&#8221;"},"content":{"rendered":"<p>COSENZA &#8211; \u201cSi registra una situazione di <strong>estrema criticit\u00e0 in queste ore al pronto soccorso di Cosenza<\/strong>, <strong>dove risultano ferme ben 13 ambulanze, di cui 7 in codice rosso.<\/strong> Questo perch\u00e9 i pazienti vengono presi in carico e lasciati sulle barelle delle ambulanze, senza le quali il mezzo di soccorso non pu\u00f2 muoversi. E\u2019 necessario garantire il diritto alla salute di tutti, che \u00e8 sancito nella nostra carta Costituzionale\u201d.<\/p>\n<p>Lo afferma il <strong>sindaco Franz Caruso,<\/strong> anche e soprattutto nella sua qualit\u00e0 di responsabile della salute dei cittadini che prosegue: \u201cSiamo venuti a conoscenza della situazione allarmante e siamo fortemente preoccupati perch\u00e9 i medici e gli operatori del 118 non sanno pi\u00f9 a che santo votarsi per attendere alle loro funzioni e per garantire interventi tempestivi a tutela della salute dei cittadini. La circostanza gi\u00e0 allarmante risulta aggravata addirittura da altre 5 richieste di interventi di soccorso su Cosenza per le quali sono state attivate ambulanze dalla provincia, ossia da Fuscaldo, Castrovillari, San Giovanni in Fiore, San Marco Argentano e San Demetrio Corone. <strong>Questo significa che i tempi del soccorso si allungano in maniera del tutto inaccettabile<\/strong>. E\u2019 questa una <strong>situazione drammatica che non pu\u00f2 essere pi\u00f9 tollerata<\/strong> e per la quale alzo forte il mio grido di protesta, <strong>chiedendo a tutti gli altri colleghi Sindaci di fare massa critica per tentare di risolvere una condizione di alto rischio per la salute dei nostri cittadini<\/strong> e che sottopone il personale medico, infermieristico e paramedico a grave stress ed impossibilit\u00e0 ad operare per come si dovrebbe\u201d.<\/p>\n<p>\u201c<strong>Luned\u00ec prossimo chieder\u00f2 all\u2019ASP di Cosenza<\/strong> ed a tutti gli organismi competenti \u2013 conclude Franz Caruso \u2013<strong> un intervento immediato ed urgente<\/strong> affinch\u00e9 si metta un argine a queste condizioni emergenziali, consapevole che tutti i gangli vitali della comunit\u00e0, a cominciare dalla politica, devono alzare la voce contro questo stato di cose non pi\u00f9 sopportabile. La salute \u00e8 un diritto da garantire e deve essere assicurato anche a Cosenza ed in Calabria\u201d.<\/p>\n","protected":false},"excerpt":{"rendered":"<p>COSENZA &#8211; \u201cSi registra una situazione di estrema criticit\u00e0 in queste ore al pronto soccorso di Cosenza, dove risultano ferme ben 13 ambulanze, di cui 7 in codice rosso. Questo perch\u00e9 i pazienti vengono presi in carico e lasciati sulle barelle delle ambulanze, senza le quali il mezzo di soccorso non pu\u00f2 muoversi. E\u2019 necessario [&hellip;]<\/p>\n","protected":false},"author":58,"featured_media":263949,"comment_status":"closed","ping_status":"closed","sticky":false,"template":"","format":"standard","meta":{"_acf_changed":false,"footnotes":"","jetpack_publicize_message":"","jetpack_publicize_feature_enabled":true,"jetpack_social_post_already_shared":false,"jetpack_social_options":{"image_generator_settings":{"template":"highway","default_image_id":0,"font":"","enabled":false},"version":2}},"categories":[563,42],"tags":[19],"class_list":["post-272459","post","type-post","status-publish","format-standard","has-post-thumbnail","hentry","category-area-urbana","category-cosenza","tag-copertina"],"acf":[],"jetpack_publicize_connections":[],"_links":{"self":[{"href":"https:\/\/quicosenza.it\/news\/wp-json\/wp\/v2\/posts\/272459","targetHints":{"allow":["GET"]}}],"collection":[{"href":"https:\/\/quicosenza.it\/news\/wp-json\/wp\/v2\/posts"}],"about":[{"href":"https:\/\/quicosenza.it\/news\/wp-json\/wp\/v2\/types\/post"}],"author":[{"embeddable":true,"href":"https:\/\/quicosenza.it\/news\/wp-json\/wp\/v2\/users\/58"}],"replies":[{"embeddable":true,"href":"https:\/\/quicosenza.it\/news\/wp-json\/wp\/v2\/comments?post=272459"}],"version-history":[{"count":0,"href":"https:\/\/quicosenza.it\/news\/wp-json\/wp\/v2\/posts\/272459\/revisions"}],"wp:featuredmedia":[{"embeddable":true,"href":"https:\/\/quicosenza.it\/news\/wp-json\/wp\/v2\/media\/263949"}],"wp:attachment":[{"href":"https:\/\/quicosenza.it\/news\/wp-json\/wp\/v2\/media?parent=272459"}],"wp:term":[{"taxonomy":"category","embeddable":true,"href":"https:\/\/quicosenza.it\/news\/wp-json\/wp\/v2\/categories?post=272459"},{"taxonomy":"post_tag","embeddable":true,"href":"https:\/\/quicosenza.it\/news\/wp-json\/wp\/v2\/tags?post=272459"}],"curies":[{"name":"wp","href":"https:\/\/api.w.org\/{rel}","templated":true}]}}