{"id":272461,"date":"2025-10-10T19:24:06","date_gmt":"2025-10-10T17:24:06","guid":{"rendered":"https:\/\/www.quicosenza.it\/news\/?p=272461"},"modified":"2025-10-10T19:27:06","modified_gmt":"2025-10-10T17:27:06","slug":"rende-semaforo-uscita-tunnel-del-metropolis","status":"publish","type":"post","link":"https:\/\/quicosenza.it\/news\/rende-semaforo-uscita-tunnel-del-metropolis\/","title":{"rendered":"Rende: riattivato (e operativo) l&#8217;impianto semaforico all&#8217;uscita del tunnel del Metropolis"},"content":{"rendered":"<p>RENDE &#8211; Doveva essere attivato nell&#8217;ultimo fine settimana di settembre, <strong>\u00e8 entrato in funzione in questo week-end<\/strong> (\u00e8 gi\u00e0 operativo) e si occuper\u00e0 di<strong> regolare il traffico all\u2019intersezione tra via Lenin<\/strong>, <strong>via Torino, via Genova e via Rotella,<\/strong> teatro di numerosi <a href=\"https:\/\/quicosenza.it\/news\/area-urbana\/rende-incidente-nei-pressi-del-cinema-garden-lunghe-code-e-traffico-paralizzato\" target=\"_blank\" rel=\"noopener\">incidenti<\/a> stradali.<\/p>\n<h3>Operativo l&#8217;impianto semaforo all&#8217;uscita del tunnel del Metropolis<\/h3>\n<p>Paliamo dell&#8217;<a href=\"https:\/\/quicosenza.it\/news\/area-urbana\/troppi-incidenti-il-comune-di-rende-riattiva-il-semaforo-alluscita-del-tunnel-del-metropolis\" target=\"_blank\" rel=\"noopener\">impianto semaforico<\/a><strong> all&#8217;uscita del tunnel che passa sotto il Centro Commerciale Metropolis di Rende<\/strong>, rimasto fuori servizio per oltre 10 anni. La riattivazione \u00e8 stata decisa con apposita ordinanza del Comune di Rende che ha disposto il funzionamento durante tutto il giorno in modalit\u00e0 \u201cautomatico a tempi fissi\u201d, mentre <strong>nelle ore notturne (dalle 23:00 alle 7:00) sar\u00e0 attivo il giallo lampeggiante<\/strong>.<\/p>\n<p><img loading=\"lazy\" decoding=\"async\" class=\"alignnone wp-image-272464\" src=\"https:\/\/quicosenza.it\/news\/wp-content\/uploads\/2025\/10\/Semaforo-metrolpolis.jpg\" alt=\"Semaforo metropolis Rende\" width=\"535\" height=\"343\" title=\"\" srcset=\"https:\/\/quicosenza.it\/news\/wp-content\/uploads\/2025\/10\/Semaforo-metrolpolis.jpg 970w, https:\/\/quicosenza.it\/news\/wp-content\/uploads\/2025\/10\/Semaforo-metrolpolis-300x192.jpg 300w, https:\/\/quicosenza.it\/news\/wp-content\/uploads\/2025\/10\/Semaforo-metrolpolis-768x492.jpg 768w, https:\/\/quicosenza.it\/news\/wp-content\/uploads\/2025\/10\/Semaforo-metrolpolis-656x420.jpg 656w, https:\/\/quicosenza.it\/news\/wp-content\/uploads\/2025\/10\/Semaforo-metrolpolis-150x96.jpg 150w, https:\/\/quicosenza.it\/news\/wp-content\/uploads\/2025\/10\/Semaforo-metrolpolis-696x446.jpg 696w\" sizes=\"auto, (max-width: 535px) 100vw, 535px\" \/><\/p>\n<h3>Limite di di 30 km\/h su tutte le strade che convergono all\u2019incrocio<\/h3>\n<p>Per garantire la sicurezza di automobilisti e pedoni, l<strong>\u2019ordinanza prevede anche un limite massimo di velocit\u00e0 di 30 km\/h su tutte le strade che convergono nell\u2019incroci<\/strong>o, per un tratto di 150 metri in avvicinamento\u00a0e l\u2019installazione della segnaletica verticale di preavviso. \u00c8<strong> inoltre vietata la sosta in prossimit\u00e0 delle lanterne semaforiche<\/strong> e della segnaletica, per non comprometterne la visibilit\u00e0.<\/p>\n","protected":false},"excerpt":{"rendered":"<p>RENDE &#8211; Doveva essere attivato nell&#8217;ultimo fine settimana di settembre, \u00e8 entrato in funzione in questo week-end (\u00e8 gi\u00e0 operativo) e si occuper\u00e0 di regolare il traffico all\u2019intersezione tra via Lenin, via Torino, via Genova e via Rotella, teatro di numerosi incidenti stradali. Operativo l&#8217;impianto semaforo all&#8217;uscita del tunnel del Metropolis Paliamo dell&#8217;impianto semaforico all&#8217;uscita [&hellip;]<\/p>\n","protected":false},"author":55,"featured_media":272462,"comment_status":"closed","ping_status":"closed","sticky":false,"template":"","format":"standard","meta":{"_acf_changed":false,"footnotes":"","jetpack_publicize_message":"","jetpack_publicize_feature_enabled":true,"jetpack_social_post_already_shared":false,"jetpack_social_options":{"image_generator_settings":{"template":"highway","default_image_id":0,"font":"","enabled":false},"version":2}},"categories":[563,44],"tags":[],"class_list":["post-272461","post","type-post","status-publish","format-standard","has-post-thumbnail","hentry","category-area-urbana","category-rende"],"acf":[],"jetpack_publicize_connections":[],"_links":{"self":[{"href":"https:\/\/quicosenza.it\/news\/wp-json\/wp\/v2\/posts\/272461","targetHints":{"allow":["GET"]}}],"collection":[{"href":"https:\/\/quicosenza.it\/news\/wp-json\/wp\/v2\/posts"}],"about":[{"href":"https:\/\/quicosenza.it\/news\/wp-json\/wp\/v2\/types\/post"}],"author":[{"embeddable":true,"href":"https:\/\/quicosenza.it\/news\/wp-json\/wp\/v2\/users\/55"}],"replies":[{"embeddable":true,"href":"https:\/\/quicosenza.it\/news\/wp-json\/wp\/v2\/comments?post=272461"}],"version-history":[{"count":0,"href":"https:\/\/quicosenza.it\/news\/wp-json\/wp\/v2\/posts\/272461\/revisions"}],"wp:featuredmedia":[{"embeddable":true,"href":"https:\/\/quicosenza.it\/news\/wp-json\/wp\/v2\/media\/272462"}],"wp:attachment":[{"href":"https:\/\/quicosenza.it\/news\/wp-json\/wp\/v2\/media?parent=272461"}],"wp:term":[{"taxonomy":"category","embeddable":true,"href":"https:\/\/quicosenza.it\/news\/wp-json\/wp\/v2\/categories?post=272461"},{"taxonomy":"post_tag","embeddable":true,"href":"https:\/\/quicosenza.it\/news\/wp-json\/wp\/v2\/tags?post=272461"}],"curies":[{"name":"wp","href":"https:\/\/api.w.org\/{rel}","templated":true}]}}