{"id":272468,"date":"2025-10-11T07:30:35","date_gmt":"2025-10-11T05:30:35","guid":{"rendered":"https:\/\/www.quicosenza.it\/news\/?p=272468"},"modified":"2025-10-11T07:30:35","modified_gmt":"2025-10-11T05:30:35","slug":"carenza-idrica-a-rende-il-comune-nessuna-responsabilita-sulla-criticita-la-gestione-e-di-sorical","status":"publish","type":"post","link":"https:\/\/quicosenza.it\/news\/carenza-idrica-a-rende-il-comune-nessuna-responsabilita-sulla-criticita-la-gestione-e-di-sorical\/","title":{"rendered":"Carenza idrica a Rende, il Comune \u00abnessuna responsabilit\u00e0 sulla criticit\u00e0, la gestione \u00e8 di Sorical\u00bb"},"content":{"rendered":"<p>RENDE &#8211; Non solo la citt\u00e0 Cosenza (De Cicco ha parlato di un vero e proprio <a href=\"https:\/\/quicosenza.it\/news\/area-urbana\/cosenza-affoga-nella-sete-de-cicco-disastro-totale-quartieri-al-collasso-daro-battaglia-in-regione\" target=\"_blank\" rel=\"noopener\">disastro<\/a>), la carenza idrica si fa sentire anche Rende. L\u2019amministrazione comunale \u00e8 intervenuta sulle persistenti <strong>criticit\u00e0 legate alla mancanza di acqua <\/strong>che, soprattutto nell&#8217;ultima settima, stanno creando disagi ai cittadini, precisando che <strong> la responsabilit\u00e0 del servizio non \u00e8 in capo al Comune<\/strong>, ma alla <strong>Sorical<\/strong>, la societ\u00e0 che gestisce l\u2019approvvigionamento idrico in Calabria.<\/p>\n<h3>Carenza idrica a Rende: due diverse interruzioni<\/h3>\n<p>\u00abN<strong>essuna responsabilit\u00e0 pu\u00f2 essere addebitata al Comune di Rende<\/strong> \u2013 si legge in una nota \u2013 in quanto <strong>la gestione del servizio \u00e8 affidata a Sorical<\/strong>. Con la societ\u00e0 \u2013 prosegue il comunicato \u2013 manteniamo rapporti costanti e continui per garantire il corretto flusso di informazioni sulle forniture erogate ai cittadini\u00bb. Il Comune sottolinea inoltre come, nonostante i limiti delle proprie competenze, <strong>stia monitorando con attenzione la situazione<\/strong>, aggravata dalla generale emergenza idrica regionale.<\/p>\n<p>\u00abIl nostro senso di responsabilit\u00e0 politica \u2013 si legge ancora \u2013 <strong>ci porta ogni giorno ad andare oltre ci\u00f2 che rientra formalmente nelle nostre attribuzioni<\/strong>\u00bb. Nel dettaglio, l\u2019amministrazione spiega che le <strong>utenze comunali<\/strong> sono state colpite da <strong>due diverse interruzioni<\/strong>: una riguardante l\u2019<strong>Acquedotto Abatemarco<\/strong>, che ha causato il blocco delle forniture nell\u2019area nord della citt\u00e0, e l\u2019altra relativa all\u2019<strong>acquedotto Capodacqua<\/strong>, che ha provocato disservizi nella zona sud.<\/p>\n<p>\u00abSecondo quanto riferito da Sorical, <strong>tutte le fonti di approvvigionamento sono tornate attive da mercoled\u00ec sera<\/strong> e si prevede <strong>un ritorno alla normalit\u00e0 a breve<\/strong> in tutto il territorio comunale\u00bb.<\/p>\n<p>Infine, il Comune di Rende r<strong>espinge le polemiche politiche sorte nelle ultime ore,<\/strong> definendole \u201c<strong>poco costruttive\u201d<\/strong> e puntando il dito contro <strong>\u201ctentativi di esibizionismo\u201d<\/strong>. \u00abVa ricordato \u2013 conclude la nota del Comuine \u2013 che il dichiarante di alcune recenti affermazioni polemiche \u00e8 parte integrante delle forze politiche che esprimono i vertici della Sorical\u00bb.<\/p>\n","protected":false},"excerpt":{"rendered":"<p>RENDE &#8211; Non solo la citt\u00e0 Cosenza (De Cicco ha parlato di un vero e proprio disastro), la carenza idrica si fa sentire anche Rende. L\u2019amministrazione comunale \u00e8 intervenuta sulle persistenti criticit\u00e0 legate alla mancanza di acqua che, soprattutto nell&#8217;ultima settima, stanno creando disagi ai cittadini, precisando che la responsabilit\u00e0 del servizio non \u00e8 in [&hellip;]<\/p>\n","protected":false},"author":55,"featured_media":272470,"comment_status":"closed","ping_status":"closed","sticky":false,"template":"","format":"standard","meta":{"_acf_changed":false,"footnotes":"","jetpack_publicize_message":"","jetpack_publicize_feature_enabled":true,"jetpack_social_post_already_shared":false,"jetpack_social_options":{"image_generator_settings":{"template":"highway","default_image_id":0,"font":"","enabled":false},"version":2}},"categories":[563,44],"tags":[19],"class_list":["post-272468","post","type-post","status-publish","format-standard","has-post-thumbnail","hentry","category-area-urbana","category-rende","tag-copertina"],"acf":[],"jetpack_publicize_connections":[],"_links":{"self":[{"href":"https:\/\/quicosenza.it\/news\/wp-json\/wp\/v2\/posts\/272468","targetHints":{"allow":["GET"]}}],"collection":[{"href":"https:\/\/quicosenza.it\/news\/wp-json\/wp\/v2\/posts"}],"about":[{"href":"https:\/\/quicosenza.it\/news\/wp-json\/wp\/v2\/types\/post"}],"author":[{"embeddable":true,"href":"https:\/\/quicosenza.it\/news\/wp-json\/wp\/v2\/users\/55"}],"replies":[{"embeddable":true,"href":"https:\/\/quicosenza.it\/news\/wp-json\/wp\/v2\/comments?post=272468"}],"version-history":[{"count":0,"href":"https:\/\/quicosenza.it\/news\/wp-json\/wp\/v2\/posts\/272468\/revisions"}],"wp:featuredmedia":[{"embeddable":true,"href":"https:\/\/quicosenza.it\/news\/wp-json\/wp\/v2\/media\/272470"}],"wp:attachment":[{"href":"https:\/\/quicosenza.it\/news\/wp-json\/wp\/v2\/media?parent=272468"}],"wp:term":[{"taxonomy":"category","embeddable":true,"href":"https:\/\/quicosenza.it\/news\/wp-json\/wp\/v2\/categories?post=272468"},{"taxonomy":"post_tag","embeddable":true,"href":"https:\/\/quicosenza.it\/news\/wp-json\/wp\/v2\/tags?post=272468"}],"curies":[{"name":"wp","href":"https:\/\/api.w.org\/{rel}","templated":true}]}}