{"id":272552,"date":"2025-10-12T16:54:16","date_gmt":"2025-10-12T14:54:16","guid":{"rendered":"https:\/\/www.quicosenza.it\/news\/?p=272552"},"modified":"2025-10-13T08:19:28","modified_gmt":"2025-10-13T06:19:28","slug":"prontocs-soccorso-di-cosenza-nel-caos-serve-una-mobilitazione-lappello-dei-socialisti","status":"publish","type":"post","link":"https:\/\/quicosenza.it\/news\/prontocs-soccorso-di-cosenza-nel-caos-serve-una-mobilitazione-lappello-dei-socialisti\/","title":{"rendered":"\u00abPronto soccorso di Cosenza nel caos, serve una mobilitazione\u00bb: l&#8217;appello dei socialisti"},"content":{"rendered":"<p>COSENZA &#8211; &#8220;Ha ragione il segretario regionale del Psi, Luigi Incarnato, quando chiama alla mobilitazione generale per il disastro della sanit\u00e0 calabrese&#8221;. A scriverlo in una nota i <strong>socialisti per la Calabria<\/strong>. &#8220;Non \u00e8 questione di campagna elettorale finita. Non \u00e8 un tema che si esaurisce con un voto. La <strong>situazione del <\/strong><a href=\"https:\/\/quicosenza.it\/news\/area-urbana\/allarme-pronto-soccorso-a-cosenza-13-ambulanze-ferme-il-sindaco-situazione-drammatica\" target=\"_blank\" rel=\"noopener\">pronto soccorso di Cosenza<\/a><strong> \u00e8 intollerabile<\/strong>. E&#8217; intollerabile che in una giornata ci siano stati 170 ricoveri, ambulanze ferme. Perch\u00e9 gli ospedali della provincia continuano a essere chiusi?<\/p>\n<p><strong>La sanit\u00e0 in questo modo \u00e8 un disastro. E Meloni continua a fregarsene.<\/strong> Diremmo la stessa identica cosa se al governo ci fosse il centrosinistra. Serve una mobilitazione, perch\u00e9 <strong>\u00e8 impensabile accettare questo stato di cose.<\/strong> Se i vari Irto, Orrico, Pignataro vogliono starsene seduti al loro posto facciano pure. La stessa cosa vale per i sindacati.<br \/>\nLa sanit\u00e0 pubblica \u00e8 una chimera ormai per la Calabria e la situazione ha bisogno di una scossa forte.<\/p>\n","protected":false},"excerpt":{"rendered":"<p>COSENZA &#8211; &#8220;Ha ragione il segretario regionale del Psi, Luigi Incarnato, quando chiama alla mobilitazione generale per il disastro della sanit\u00e0 calabrese&#8221;. A scriverlo in una nota i socialisti per la Calabria. &#8220;Non \u00e8 questione di campagna elettorale finita. Non \u00e8 un tema che si esaurisce con un voto. La situazione del pronto soccorso di [&hellip;]<\/p>\n","protected":false},"author":58,"featured_media":272510,"comment_status":"closed","ping_status":"closed","sticky":false,"template":"","format":"standard","meta":{"_acf_changed":false,"footnotes":"","jetpack_publicize_message":"","jetpack_publicize_feature_enabled":true,"jetpack_social_post_already_shared":false,"jetpack_social_options":{"image_generator_settings":{"template":"highway","default_image_id":0,"font":"","enabled":false},"version":2}},"categories":[563,42],"tags":[19],"class_list":["post-272552","post","type-post","status-publish","format-standard","has-post-thumbnail","hentry","category-area-urbana","category-cosenza","tag-copertina"],"acf":[],"jetpack_publicize_connections":[],"_links":{"self":[{"href":"https:\/\/quicosenza.it\/news\/wp-json\/wp\/v2\/posts\/272552","targetHints":{"allow":["GET"]}}],"collection":[{"href":"https:\/\/quicosenza.it\/news\/wp-json\/wp\/v2\/posts"}],"about":[{"href":"https:\/\/quicosenza.it\/news\/wp-json\/wp\/v2\/types\/post"}],"author":[{"embeddable":true,"href":"https:\/\/quicosenza.it\/news\/wp-json\/wp\/v2\/users\/58"}],"replies":[{"embeddable":true,"href":"https:\/\/quicosenza.it\/news\/wp-json\/wp\/v2\/comments?post=272552"}],"version-history":[{"count":0,"href":"https:\/\/quicosenza.it\/news\/wp-json\/wp\/v2\/posts\/272552\/revisions"}],"wp:featuredmedia":[{"embeddable":true,"href":"https:\/\/quicosenza.it\/news\/wp-json\/wp\/v2\/media\/272510"}],"wp:attachment":[{"href":"https:\/\/quicosenza.it\/news\/wp-json\/wp\/v2\/media?parent=272552"}],"wp:term":[{"taxonomy":"category","embeddable":true,"href":"https:\/\/quicosenza.it\/news\/wp-json\/wp\/v2\/categories?post=272552"},{"taxonomy":"post_tag","embeddable":true,"href":"https:\/\/quicosenza.it\/news\/wp-json\/wp\/v2\/tags?post=272552"}],"curies":[{"name":"wp","href":"https:\/\/api.w.org\/{rel}","templated":true}]}}