{"id":272708,"date":"2025-10-18T09:30:22","date_gmt":"2025-10-18T07:30:22","guid":{"rendered":"https:\/\/www.quicosenza.it\/news\/?p=272708"},"modified":"2025-10-18T08:56:04","modified_gmt":"2025-10-18T06:56:04","slug":"il-cardinale-bagnasco-in-calabria-per-la-messa-in-onore-della-madonna-della-consolazione","status":"publish","type":"post","link":"https:\/\/quicosenza.it\/news\/il-cardinale-bagnasco-in-calabria-per-la-messa-in-onore-della-madonna-della-consolazione\/","title":{"rendered":"Il Cardinale Bagnasco in Calabria, per la Messa in onore della Madonna della Consolazione"},"content":{"rendered":"<p>REGGIO CALABRIA &#8211; Un appuntamento di alto significato spirituale e civile attende Reggio Calabria dove gioved\u00ec prossimo, 23 ottobre, alle ore 19:00, presso la Basilica dell\u2019Eremo, si terr\u00e0 la Santa Messa in onore della Madonna della Consolazione e l\u2019inaugurazione dell\u2019Anno Istituzionale 2025\/2026 dell\u2019Istituto Nazionale Azzurro (<a href=\"https:\/\/franstick.wordpress.com\/\" rel=\"noopener\">INA<\/a>), organizzazione umanitaria cattolica da anni impegnata nel sostegno ai pi\u00f9 fragili.<\/p>\n<p>A presiedere la celebrazione sar\u00e0 Sua Eminenza Reverendissima il Cardinale<strong> Angelo Bagnasco<\/strong>, Arcivescovo Emerito di Genova, gi\u00e0 Presidente della Conferenza Episcopale Italiana e oggi Presidente del Comitato Etico Scientifico dell\u2019INA. Durante la liturgia, il Cardinale guider\u00e0 anche un momento di preghiera per il Venerabile Padre Gesualdo da <a href=\"https:\/\/franstick.wordpress.com\/\" rel=\"noopener\">Reggio Calabria<\/a>, offrendo una riflessione intensa e carica di spiritualit\u00e0.<\/p>\n<p>La presenza del Cardinale <a href=\"https:\/\/quicosenza.it\/news\/626-bagnasco-meno-tasse-per-le-famiglie-piu-attenzione-a-giovani\/\">Bagnasco<\/a> rappresenta un <strong>segno di grande fiducia per la citt\u00e0<\/strong>, che si conferma crocevia di valori, spiritualit\u00e0 e responsabilit\u00e0 sociale, ospitando un evento che unisce la tradizione religiosa con il servizio attivo alla comunit\u00e0. Alla celebrazione parteciperanno esponenti del clero, delle istituzioni civili e militari, del mondo accademico e del volontariato, testimoniando il ruolo centrale di Reggio Calabria come laboratorio di solidariet\u00e0 e presidio culturale del Mediterraneo.<\/p>\n<p>L\u2019Istituto Nazionale Azzurro, guidato dal Cavaliere Dottor Lorenzo Festicini, rinnova cos\u00ec la sua missione al fianco delle parrocchie e dei territori pi\u00f9 fragili, promuovendo una rete di prossimit\u00e0, formazione e carit\u00e0 concreta. L\u2019intera cittadinanza \u00e8 invitata a partecipare: un\u2019occasione per unirsi nella preghiera, rafforzare il senso di comunit\u00e0 e rilanciare il cammino comune verso una societ\u00e0 pi\u00f9 giusta, coesa e umana.<\/p>\n","protected":false},"excerpt":{"rendered":"<p>Il 23 ottobre alla Basilica dell\u2019Eremo, la celebrazione presieduta dal Cardinale Bagnasco segner\u00e0 l\u2019avvio del nuovo anno dell\u2019Istituto Nazionale Azzurro, tra spiritualit\u00e0, impegno civile e solidariet\u00e0 concreta<\/p>\n","protected":false},"author":42,"featured_media":272710,"comment_status":"closed","ping_status":"closed","sticky":false,"template":"","format":"standard","meta":{"_acf_changed":false,"footnotes":"","jetpack_publicize_message":"","jetpack_publicize_feature_enabled":true,"jetpack_social_post_already_shared":false,"jetpack_social_options":{"image_generator_settings":{"template":"highway","default_image_id":0,"font":"","enabled":false},"version":2}},"categories":[17],"tags":[],"class_list":["post-272708","post","type-post","status-publish","format-standard","has-post-thumbnail","hentry","category-calabria"],"acf":[],"jetpack_publicize_connections":[],"_links":{"self":[{"href":"https:\/\/quicosenza.it\/news\/wp-json\/wp\/v2\/posts\/272708","targetHints":{"allow":["GET"]}}],"collection":[{"href":"https:\/\/quicosenza.it\/news\/wp-json\/wp\/v2\/posts"}],"about":[{"href":"https:\/\/quicosenza.it\/news\/wp-json\/wp\/v2\/types\/post"}],"author":[{"embeddable":true,"href":"https:\/\/quicosenza.it\/news\/wp-json\/wp\/v2\/users\/42"}],"replies":[{"embeddable":true,"href":"https:\/\/quicosenza.it\/news\/wp-json\/wp\/v2\/comments?post=272708"}],"version-history":[{"count":0,"href":"https:\/\/quicosenza.it\/news\/wp-json\/wp\/v2\/posts\/272708\/revisions"}],"wp:featuredmedia":[{"embeddable":true,"href":"https:\/\/quicosenza.it\/news\/wp-json\/wp\/v2\/media\/272710"}],"wp:attachment":[{"href":"https:\/\/quicosenza.it\/news\/wp-json\/wp\/v2\/media?parent=272708"}],"wp:term":[{"taxonomy":"category","embeddable":true,"href":"https:\/\/quicosenza.it\/news\/wp-json\/wp\/v2\/categories?post=272708"},{"taxonomy":"post_tag","embeddable":true,"href":"https:\/\/quicosenza.it\/news\/wp-json\/wp\/v2\/tags?post=272708"}],"curies":[{"name":"wp","href":"https:\/\/api.w.org\/{rel}","templated":true}]}}