{"id":272728,"date":"2025-10-14T12:54:08","date_gmt":"2025-10-14T10:54:08","guid":{"rendered":"https:\/\/www.quicosenza.it\/news\/?p=272728"},"modified":"2025-10-14T13:49:26","modified_gmt":"2025-10-14T11:49:26","slug":"ciclone-mediterraneo-verso-la-calabria-piogge-e-temporali-anche-intensi-diramata-lallerta-gialla","status":"publish","type":"post","link":"https:\/\/quicosenza.it\/news\/ciclone-mediterraneo-verso-la-calabria-piogge-e-temporali-anche-intensi-diramata-lallerta-gialla\/","title":{"rendered":"Ciclone Mediterraneo verso la Calabria: piogge e temporali anche intensi, diramata l&#8217;allerta gialla"},"content":{"rendered":"<p>COSENZA &#8211; Ciclone Mediterraneo e maltempo in arrivo anche in Calabria. Dopo la lunga <strong>pausa anticiclonica<\/strong>, l\u2019autunno torna a farsi sentire con decisione: nei prossimi giorni una <strong>nuova ondata di maltempo<\/strong> investir\u00e0 in particolare <strong>le regioni meridionali e le isole maggiori<\/strong>. Alla base del peggioramento, la formazione di un<strong> vortice ciclonico nei pressi del Centro-Sud<\/strong>, alimentato dal contrasto tra<strong> correnti fredde<\/strong> in arrivo dal Nord Europa e le <strong>acque ancora calde del Mediterraneo<\/strong>. Una mix che favorir\u00e0<strong> lo sviluppo di temporali anche intensi e accumuli di pioggia significativi<\/strong>, soprattutto lungo le aree costiere.<\/p>\n<h3>Ciclone Mediterraneo: rischio nubifragi. Allerta gialla in Calabria<\/h3>\n<p>L\u2019ondata di maltempo prender\u00e0 forma a partire da domani, mercoled\u00ec 15 ottobre, quando la <strong>depressione inizier\u00e0 ad approfondirsi tra Sardegna e Sicilia<\/strong>. Fin dalle prime ore del giorno sono attese p<strong>iogge diffuse e temporali organizzati<\/strong>, in successiva estensione alla Sicilia e al <strong>Sud peninsular<\/strong>e. I fenomeni pi\u00f9 intensi interesserann<strong>o la Calabria ionica<\/strong> e la Puglia, dove non si escludono <strong>locali nubifragi e grandinate<\/strong>. Nel corso della giornata, il vortice si sposter\u00e0 verso il basso Tirreno, intensificandosi e trasformandosi in un vero e proprio ciclone mediterraneo con maltempo diffuso e rovesci anche intensi.<\/p>\n<p>Per la giornata di domani <strong>la Protezione Civile regionale ha emesso un&#8217;allerta meteo di colore giallo su tutta la regione<\/strong>.\u00a0 Nel <a href=\"https:\/\/pc2.protezionecivilecalabria.it\/api\/alerts\/last-mau\/attachment\" target=\"_blank\" rel=\"noopener\">bollettino<\/a> di allertamento vengono evidenziate le criticit\u00e0 &#8220;per <em>precipitazioni da sparse a diffuse, anche a carattere di rovescio o temporale, soprattutto sui settori meridionali e ionici con quantitativi cumulati puntualmente elevati. I fenomeni saranno accompagnati da attivit\u00e0 elettrica<\/em>. Sono <em>possibili fenomeni temporaleschi che potrebbero evolvere in nubifragi anche persistenti con conseguenze rilevanti<\/em>&#8220;.<\/p>\n<p><img loading=\"lazy\" decoding=\"async\" class=\"wp-image-272730 aligncenter\" src=\"https:\/\/quicosenza.it\/news\/wp-content\/uploads\/2025\/10\/Ciclone-Mediterraneo.jpg\" alt=\"Ciclone Mediterraneo\" width=\"808\" height=\"530\" title=\"\" srcset=\"https:\/\/quicosenza.it\/news\/wp-content\/uploads\/2025\/10\/Ciclone-Mediterraneo.jpg 970w, https:\/\/quicosenza.it\/news\/wp-content\/uploads\/2025\/10\/Ciclone-Mediterraneo-300x197.jpg 300w, https:\/\/quicosenza.it\/news\/wp-content\/uploads\/2025\/10\/Ciclone-Mediterraneo-768x504.jpg 768w\" sizes=\"auto, (max-width: 808px) 100vw, 808px\" \/><\/p>\n<h3>Tra gioved\u00ec e venerd\u00ec la fase pi\u00f9 acuta del maltempo<\/h3>\n<p>Gioved\u00ec 16 e venerd\u00ec 17 ottobre avvertiremo <strong>la fase pi\u00f9 acuta dell\u2019ondata di maltempo.<\/strong> Il vortice ciclonico si avviciner\u00e0 ulteriormente all\u2019Italia peninsulare, determinando <strong>condizioni di forte instabilit\u00e0<\/strong>. Previsti <strong>rovesci e temporali persistenti su Sicilia, Calabria ionica, Basilicata e Puglia<\/strong>, con possibili episodi di carattere nubifragio e rischio di allagamenti locali. Piogge che interesseranno anche il versante Tirrenico<\/p>\n<p>Le<strong> temperature subiranno un lieve calo,<\/strong> complice la copertura nuvolosa e le precipitazioni diffuse.<strong> Venti moderati o forti accompagneranno il passaggio del sistema perturbato<\/strong>, in particolare sui bacini meridionali. Nella giornata di venerd<strong>\u00ec il maltempo tender\u00e0 a risalire verso le regioni centrali<\/strong>, con piogge abbondanti previste sul medio Adriatico, tra Abruzzo e Marche. Sul resto del Centro Italia il cielo sar\u00e0 nuvoloso o coperto, ma con fenomeni pi\u00f9 deboli e intermittenti. Il Nord, invece, rimarr\u00e0 ai margini della perturbazione, continuando a beneficiare di condizioni stabili e cieli poco nuvolosi. <strong>Il vortice ciclonico potrebbe attenuarsi solo nel fine settimana,<\/strong> ma l\u2019evoluzione resta ancora incerta con una possibile nuova recrudescenza dei fenomeni tra domenica e luned\u00ec.<\/p>\n","protected":false},"excerpt":{"rendered":"<p>Vortice ciclonico in arrivo dal Mediterraneo colpir\u00e0 il centro-Sud: da domani  e vino a venerd\u00ec forti piogge, temporali e rischio nubifragi anche in Calabria<\/p>\n","protected":false},"author":55,"featured_media":246154,"comment_status":"closed","ping_status":"closed","sticky":false,"template":"","format":"standard","meta":{"_acf_changed":false,"footnotes":"","jetpack_publicize_message":"","jetpack_publicize_feature_enabled":true,"jetpack_social_post_already_shared":false,"jetpack_social_options":{"image_generator_settings":{"template":"highway","default_image_id":0,"font":"","enabled":false},"version":2}},"categories":[17],"tags":[],"class_list":["post-272728","post","type-post","status-publish","format-standard","has-post-thumbnail","hentry","category-calabria"],"acf":[],"jetpack_publicize_connections":[],"_links":{"self":[{"href":"https:\/\/quicosenza.it\/news\/wp-json\/wp\/v2\/posts\/272728","targetHints":{"allow":["GET"]}}],"collection":[{"href":"https:\/\/quicosenza.it\/news\/wp-json\/wp\/v2\/posts"}],"about":[{"href":"https:\/\/quicosenza.it\/news\/wp-json\/wp\/v2\/types\/post"}],"author":[{"embeddable":true,"href":"https:\/\/quicosenza.it\/news\/wp-json\/wp\/v2\/users\/55"}],"replies":[{"embeddable":true,"href":"https:\/\/quicosenza.it\/news\/wp-json\/wp\/v2\/comments?post=272728"}],"version-history":[{"count":0,"href":"https:\/\/quicosenza.it\/news\/wp-json\/wp\/v2\/posts\/272728\/revisions"}],"wp:featuredmedia":[{"embeddable":true,"href":"https:\/\/quicosenza.it\/news\/wp-json\/wp\/v2\/media\/246154"}],"wp:attachment":[{"href":"https:\/\/quicosenza.it\/news\/wp-json\/wp\/v2\/media?parent=272728"}],"wp:term":[{"taxonomy":"category","embeddable":true,"href":"https:\/\/quicosenza.it\/news\/wp-json\/wp\/v2\/categories?post=272728"},{"taxonomy":"post_tag","embeddable":true,"href":"https:\/\/quicosenza.it\/news\/wp-json\/wp\/v2\/tags?post=272728"}],"curies":[{"name":"wp","href":"https:\/\/api.w.org\/{rel}","templated":true}]}}