{"id":272776,"date":"2025-10-25T07:00:55","date_gmt":"2025-10-25T05:00:55","guid":{"rendered":"https:\/\/www.quicosenza.it\/news\/?p=272776"},"modified":"2025-10-14T16:07:16","modified_gmt":"2025-10-14T14:07:16","slug":"lancette-indietro-di-unora-stanotte-torna-lora-solare-piu-luce-al-mattino-ma-fara-notte-prima","status":"publish","type":"post","link":"https:\/\/quicosenza.it\/news\/lancette-indietro-di-unora-stanotte-torna-lora-solare-piu-luce-al-mattino-ma-fara-notte-prima\/","title":{"rendered":"Lancette indietro di un\u2019ora: stanotte torna l\u2019ora solare. Pi\u00f9 luce al mattino, ma far\u00e0 notte prima"},"content":{"rendered":"<p>COSENZA &#8211; Cambio di orario questa notte per il <strong>ritorno all&#8217;ora solare<\/strong> che ci proietta verso la stagione invernale.<strong> Lancette indietro di 60 minuti<\/strong> in Italia e in molte altre nazioni del mondo occidentale.\u00a0<strong>Il cambio dell\u2019ora avverr\u00e0 alle 3.00 di questa notte, con le lancette che andranno spostate indietro alle 2.00<\/strong>: questa volta <strong>dormiremo un\u2019ora in pi\u00f9<\/strong>, potremo goere di pi\u00f9 luce la mattina ma faremo i conti con giornate pi\u00f9 corte visto che far\u00e0 notte prima. <b>Curiosit\u00e0:<\/b> Il cambio di orario <strong>avviene con un giorno di anticipo<\/strong> rispetto a quanto avvenuto nell&#8217;ultima domenica di ottobre del 2024. Questo \u00e8 dovuto semplicemente al fatto che<strong> l&#8217;ultima domenica del 2025 cade il 26 e non il 27<\/strong>. La maggior parte dei dispositivi moderni, come smartphone e computer, a<strong>ggiorner\u00e0 l&#8217;orario automaticamente<\/strong>, ma \u00e8 sempre bene ricordarsi di regolare manualmente gli orologi analogici o quelli su elettrodomestici e auto.<\/p>\n<h3>L&#8217;ora solare ci accompagner\u00e0 fino a primavera del prossimo anno<\/h3>\n<p>L&#8217;ora solare ci accompagner\u00e0 per gli ultimi due mesi autunnali e per tutto l&#8217;inverno. Per il ritorno all&#8217;ora <a href=\"https:\/\/quicosenza.it\/news\/alle-200-di-stanotte-lancette-avanti-di-unora-si-torna-allora-legale-guadagneremo-unora-di-luce-in-piu\/\" target=\"_blank\" rel=\"noopener\">legale<\/a>, bisogner\u00e0 aspettare la prossima primavera (esattamente l&#8217;ultima domenica di marzo 2026). Negli ultimi 7 mesi, secondo le stime che Terna aveva comunicato in primavera, l\u2019ora legare avrebbe garantito un risparmio complessivo di circa 100 milioni di euro, grazie a un minor consumo di energia elettrica pari a circa 330 milioni di kWh. Tutto questo, inoltre, dovrebbe aver generato un rilevante beneficio ambientale, quantificabile nella riduzione di circa 160 mila tonnellate di emissioni di anidride carbonica in atmosfera. Numeri che confermano l\u2019efficacia del sistema, ma che non bastano a spegnere il dibattito sull\u2019utilit\u00e0 di mantenere \u2014 o meno \u2014 il doppio cambio d\u2019ora.<\/p>\n<p><img loading=\"lazy\" decoding=\"async\" class=\"size-full wp-image-272784 aligncenter\" src=\"https:\/\/quicosenza.it\/news\/wp-content\/uploads\/2025\/10\/ora-Solare-2025_2.jpg\" alt=\"ora Solare 2025_2\" width=\"558\" height=\"282\" title=\"\" srcset=\"https:\/\/quicosenza.it\/news\/wp-content\/uploads\/2025\/10\/ora-Solare-2025_2.jpg 558w, https:\/\/quicosenza.it\/news\/wp-content\/uploads\/2025\/10\/ora-Solare-2025_2-300x152.jpg 300w\" sizes=\"auto, (max-width: 558px) 100vw, 558px\" \/><\/p>\n<h3>Giornate pi\u00f9 corte e luce Mattutina<\/h3>\n<p>Il cambiamento pi\u00f9 evidente \u00e8 la <b>riduzione delle ore di luce al pomeriggio<\/b>. Il sole tramonter\u00e0 prima, anticipando l&#8217;arrivo del buio. Allo stesso tempo, si guadagner\u00e0 <b>un&#8217;ora di luce in pi\u00f9 al mattino<\/b>, rendendo l&#8217;inizio della giornata lavorativa o scolastica meno &#8220;buio&#8221;. Sebbene il guadagno di un&#8217;ora di sonno sia generalmente ben accetto, il cambio pu\u00f2 disturbare temporaneamente il nostro <b>ritmo circadiano<\/b>, l&#8217;orologio biologico interno. Nelle prime settimane, alcune persone potrebbero avvertire sintomi come: <b>stanchezza<\/b> <strong>o sonnolenza, <\/strong><b>difficolt\u00e0 di concentrazione, apatia, <\/b>lievi <b>disturbi del sonno<\/b> come insonnia o sonno interrotto.\u00a0Questi effetti sono solitamente lievi e transitori, e il corpo si adatta al nuovo orario nel giro di pochi giorni.<\/p>\n<p><a href=\"https:\/\/quicosenza.it\/news\/1635\" rel=\"attachment wp-att-116821\"><img loading=\"lazy\" decoding=\"async\" class=\"aligncenter wp-image-116821\" src=\"http:\/\/www.quicosenza.it\/news\/wp-content\/uploads\/2016\/10\/Stanchezza.jpg\" alt=\"stanchezza\" width=\"613\" height=\"363\" title=\"\"><\/a><\/p>\n<h3>Risparmio Energetico: Una questione aperta<\/h3>\n<p>L&#8217;introduzione dell&#8217;ora legale fu storicamente pensata per<strong> sfruttare al meglio la luce solare e ridurre i consumi energetici<\/strong>, spostando l&#8217;uso dell&#8217;elettricit\u00e0 nelle ore serali. Con il ritorno all&#8217;ora solare, questo beneficio termina. In Italia, l&#8217;ora legale ha storicamente portato a un <b>risparmio energetico<\/b> significativo (stimato da Terna in circa 90 milioni di euro e 170 mila tonnellate di <span class=\"math-inline\"><span class=\"katex\"><span class=\"katex-html\" aria-hidden=\"true\"><span class=\"base\"><span class=\"mord\"><span class=\"mord text\">CO<\/span><span class=\"msupsub\"><span class=\"vlist-t vlist-t2\"><span class=\"vlist-r\"><span class=\"vlist\"><span class=\"\"><span class=\"sizing reset-size6 size3 mtight\"><span class=\"mord mtight\">2<\/span><\/span><\/span><\/span><span class=\"vlist-s\">\u200b<\/span><\/span><\/span><\/span><\/span><\/span><\/span><\/span><\/span> nel 2024), ma il dibattito sulla sua abolizione a livello europeo resta aperto. L&#8217;Italia, insieme ad altri Paesi del Sud Europa che beneficiano maggiormente dell&#8217;ora legale, \u00e8 tra quelli che vorrebbero mantenerla.<\/p>\n","protected":false},"excerpt":{"rendered":"<p>Alle 3.00 di stanotte si torna all&#8217;ora naturale. Perderemo un&#8217;ora di luce, ma dormiremo 60 minuti in pi\u00f9. L&#8217;ora legale torner\u00e0 in vigore a primavera del prossimo anno<\/p>\n","protected":false},"author":55,"featured_media":272780,"comment_status":"closed","ping_status":"closed","sticky":false,"template":"","format":"standard","meta":{"_acf_changed":false,"footnotes":"","jetpack_publicize_message":"","jetpack_publicize_feature_enabled":true,"jetpack_social_post_already_shared":false,"jetpack_social_options":{"image_generator_settings":{"template":"highway","default_image_id":0,"font":"","enabled":false},"version":2}},"categories":[16],"tags":[],"class_list":["post-272776","post","type-post","status-publish","format-standard","has-post-thumbnail","hentry","category-italia"],"acf":[],"jetpack_publicize_connections":[],"_links":{"self":[{"href":"https:\/\/quicosenza.it\/news\/wp-json\/wp\/v2\/posts\/272776","targetHints":{"allow":["GET"]}}],"collection":[{"href":"https:\/\/quicosenza.it\/news\/wp-json\/wp\/v2\/posts"}],"about":[{"href":"https:\/\/quicosenza.it\/news\/wp-json\/wp\/v2\/types\/post"}],"author":[{"embeddable":true,"href":"https:\/\/quicosenza.it\/news\/wp-json\/wp\/v2\/users\/55"}],"replies":[{"embeddable":true,"href":"https:\/\/quicosenza.it\/news\/wp-json\/wp\/v2\/comments?post=272776"}],"version-history":[{"count":0,"href":"https:\/\/quicosenza.it\/news\/wp-json\/wp\/v2\/posts\/272776\/revisions"}],"wp:featuredmedia":[{"embeddable":true,"href":"https:\/\/quicosenza.it\/news\/wp-json\/wp\/v2\/media\/272780"}],"wp:attachment":[{"href":"https:\/\/quicosenza.it\/news\/wp-json\/wp\/v2\/media?parent=272776"}],"wp:term":[{"taxonomy":"category","embeddable":true,"href":"https:\/\/quicosenza.it\/news\/wp-json\/wp\/v2\/categories?post=272776"},{"taxonomy":"post_tag","embeddable":true,"href":"https:\/\/quicosenza.it\/news\/wp-json\/wp\/v2\/tags?post=272776"}],"curies":[{"name":"wp","href":"https:\/\/api.w.org\/{rel}","templated":true}]}}