{"id":272905,"date":"2025-10-15T19:29:21","date_gmt":"2025-10-15T17:29:21","guid":{"rendered":"https:\/\/www.quicosenza.it\/news\/?p=272905"},"modified":"2025-10-15T19:33:21","modified_gmt":"2025-10-15T17:33:21","slug":"scontro-tra-governo-e-comuni-lanci-dice-no-alluso-della-tassa-di-soggiorno-per-spese-sociali","status":"publish","type":"post","link":"https:\/\/quicosenza.it\/news\/scontro-tra-governo-e-comuni-lanci-dice-no-alluso-della-tassa-di-soggiorno-per-spese-sociali\/","title":{"rendered":"Scontro tra Governo e Comuni: l\u2019Anci dice no all\u2019uso della tassa di soggiorno per spese sociali"},"content":{"rendered":"<p>COSENZA &#8211; &#8220;Esprimiamo la nostra contrariet\u00e0 in merito alla norma inclusa nel recente decreto-legge approvato ieri dal Consiglio dei ministri. Pur apprezzando la proroga dei limiti massimi dell&#8217;imposta di soggiorno anche per il 2026,<strong> ci preoccupa la disposizione che prevede di destinare una quota dell&#8217;eventuale gettito aggiuntivo alle coperture delle spese comunali per i minori e l&#8217;assistenza agli alunni disabili<\/strong>&#8220;. Cos\u00ec in una nota il presidente dell&#8217;Anci, Gaetano Manfredi. &#8220;Ci\u00f2 che il governo propone ci sembra una &#8216;soluzione tampone&#8217; e incerta nel quantum che scarica sui bilanci comunali una spesa che spetta allo Stato&#8221;, aggiunge.<\/p>\n<p>&#8220;Ribadiamo la priorit\u00e0 e l&#8217;urgenza della questione che abbiamo sollevato come Anci, che riguarda la crescita significativa delle spese a carico dei bilanci comunali, ormai vicine al miliardo di euro annuo. La necessit\u00e0 di affrontare questo squilibrio finanziario \u00e8 centrale per la sostenibilit\u00e0 dei servizi locali&#8221;, si legge ancora nella nota. L&#8217;imposta di soggiorno, dunque, &#8220;non costituisce un&#8217;entrata libera &#8211; sottolineano &#8211; ma \u00e8 stata<strong> concepita per finanziare le spese direttamente collegate all&#8217;impatto dei flussi turistici<\/strong> (come mobilit\u00e0, decoro urbano, rifiuti, sostegno alle strutture ricettive).<\/p>\n<p>L&#8217;utilizzo di questa imposta per finanziare <strong>spese obbligatorie per il sostegno a minori e disabili, che per loro natura sono spese statali<\/strong>, rischia di snaturare il principio fondante dell&#8217;imposta stessa&#8221;. Per l&#8217;Anci, &#8220;pur rispondendo a un&#8217;esigenza immediata, questa impostazione va a riversare sui turisti e sui bilanci comunali (tramite un vincolo) oneri che sono di competenza statale, distogliendo risorse essenziali per le politiche turistiche locali&#8221;. L&#8217;associazione dei comuni italiani &#8220;in uno spirito di leale collaborazione istituzionale&#8221; chiede, quindi, al<strong> ministro Giorgetti<\/strong> &#8220;un<strong> incontro urgente<\/strong> e costruttivo per discutere approfonditamente questa norma e le relative previsioni nel disegno di legge di Bilancio. Convinti che si possano individuare insieme soluzioni finanziarie pi\u00f9 strutturali ed efficaci per sostenere i Comuni nel far fronte ai loro crescenti oneri sociali, garantendo al contempo che l&#8217;imposta di soggiorno mantenga la sua funzione originaria a beneficio della filiera turistica&#8221;.<\/p>\n","protected":false},"excerpt":{"rendered":"<p>L&#8217;associazione dei comuni italiani chiede al ministro Giorgetti &#8220;un incontro urgente per l&#8217;utilizzo di questa imposta per finanziare spese obbligatorie per il sostegno a minori e disabili, che per loro natura sono spese statali&#8221;<\/p>\n","protected":false},"author":58,"featured_media":96531,"comment_status":"closed","ping_status":"closed","sticky":false,"template":"","format":"standard","meta":{"_acf_changed":false,"footnotes":"","jetpack_publicize_message":"","jetpack_publicize_feature_enabled":true,"jetpack_social_post_already_shared":false,"jetpack_social_options":{"image_generator_settings":{"template":"highway","default_image_id":0,"font":"","enabled":false},"version":2}},"categories":[16],"tags":[],"class_list":["post-272905","post","type-post","status-publish","format-standard","has-post-thumbnail","hentry","category-italia"],"acf":[],"jetpack_publicize_connections":[],"_links":{"self":[{"href":"https:\/\/quicosenza.it\/news\/wp-json\/wp\/v2\/posts\/272905","targetHints":{"allow":["GET"]}}],"collection":[{"href":"https:\/\/quicosenza.it\/news\/wp-json\/wp\/v2\/posts"}],"about":[{"href":"https:\/\/quicosenza.it\/news\/wp-json\/wp\/v2\/types\/post"}],"author":[{"embeddable":true,"href":"https:\/\/quicosenza.it\/news\/wp-json\/wp\/v2\/users\/58"}],"replies":[{"embeddable":true,"href":"https:\/\/quicosenza.it\/news\/wp-json\/wp\/v2\/comments?post=272905"}],"version-history":[{"count":0,"href":"https:\/\/quicosenza.it\/news\/wp-json\/wp\/v2\/posts\/272905\/revisions"}],"wp:featuredmedia":[{"embeddable":true,"href":"https:\/\/quicosenza.it\/news\/wp-json\/wp\/v2\/media\/96531"}],"wp:attachment":[{"href":"https:\/\/quicosenza.it\/news\/wp-json\/wp\/v2\/media?parent=272905"}],"wp:term":[{"taxonomy":"category","embeddable":true,"href":"https:\/\/quicosenza.it\/news\/wp-json\/wp\/v2\/categories?post=272905"},{"taxonomy":"post_tag","embeddable":true,"href":"https:\/\/quicosenza.it\/news\/wp-json\/wp\/v2\/tags?post=272905"}],"curies":[{"name":"wp","href":"https:\/\/api.w.org\/{rel}","templated":true}]}}