{"id":272949,"date":"2025-10-16T13:27:58","date_gmt":"2025-10-16T11:27:58","guid":{"rendered":"https:\/\/www.quicosenza.it\/news\/?p=272949"},"modified":"2025-10-16T13:27:58","modified_gmt":"2025-10-16T11:27:58","slug":"sanita-di-prossimita-asp-di-cosenza-al-congresso-card-2025-la-casa-come-primo-luogo-di-cura","status":"publish","type":"post","link":"https:\/\/quicosenza.it\/news\/sanita-di-prossimita-asp-di-cosenza-al-congresso-card-2025-la-casa-come-primo-luogo-di-cura\/","title":{"rendered":"Sanit\u00e0 di prossimit\u00e0, ASP di Cosenza al Congresso CARD 2025: \u201cLa casa come primo luogo di cura\u201d"},"content":{"rendered":"<p>RENDE \u2013 L\u2019Azienda Sanitaria Provinciale di Cosenza ha concesso il patrocinio istituzionale al XXIII Congresso Nazionale CARD, <strong>in corso a Rende fino al 18 ottobre<\/strong>. Un evento di rilevanza nazionale che <strong>mette al centro il ruolo della sanit\u00e0 territoriale<\/strong>, <strong>l\u2019integrazione tra servizi sociali e sanitari e l\u2019innovazione nei modelli di assistenza. <\/strong>Il congresso, promosso dalla Confederazione delle Associazioni Regionali di Distretto (CARD) e presieduto da <strong>Sisto Milito<\/strong>, riunisce esperti, operatori, amministratori e professionisti per riflettere su una sanit\u00e0 che parte dal territorio. Tema centrale \u201cLa casa come primo luogo di cura\u201d; una visione che pone il paziente e la comunit\u00e0 al centro del sistema salute.<\/p>\n<p>Durante i lavori, l\u2019<a href=\"https:\/\/www.asp.cosenza.it\/\" rel=\"noopener\">ASP di Cosenza<\/a> \u00e8 rappresentata dalla dottoressa Antonella Arvia, direttrice del Distretto Jonio Nord \u2013 Trebisacce e vicepresidente CARD Calabria. Presenti anche il direttore generale Antonio Graziano e il direttore sanitario Martino Rizzo. \u00abIl nostro patrocinio \u2013 spiega Graziano \u2013 \u00e8 un <strong>segnale concreto di adesione a una sanit\u00e0 pi\u00f9 vicina ai cittadini<\/strong>, capace di prevenire, assistere e accompagnare. La pandemia ci ha insegnato che una rete di prossimit\u00e0 forte \u00e8 essenziale\u00bb.<\/p>\n<p>Nel programma, tavole rotonde e workshop su temi come le <a href=\"https:\/\/quicosenza.it\/news\/case-di-comunita-in-calabria-allarme-sanita-da-agenas-solo-2-attive-su-63-previste\/\">Case della Comunit\u00e0<\/a>, la Missione 6 del PNRR, la valorizzazione del personale territoriale e il collegamento tra distretti e ospedali. L\u2019ASP partecipa portando esperienze locali di integrazione sociosanitaria, miglioramento dell\u2019accessibilit\u00e0 ai servizi e rafforzamento delle cure domiciliari. \u00abOgni distretto \u00e8 una piccola comunit\u00e0 sanitaria \u2013 aggiunge Arvia \u2013 e il futuro passa da qui: da una medicina che ascolta e accompagna\u00bb.<\/p>\n","protected":false},"excerpt":{"rendered":"<p>Patrocinato l\u2019evento nazionale dedicato alla medicina territoriale e alla continuit\u00e0 assistenziale. Graziano: &#8220;Una rete solida per prendersi cura delle persone fragili e croniche&#8221;<\/p>\n","protected":false},"author":42,"featured_media":266666,"comment_status":"closed","ping_status":"closed","sticky":false,"template":"","format":"standard","meta":{"_acf_changed":false,"footnotes":"","jetpack_publicize_message":"","jetpack_publicize_feature_enabled":true,"jetpack_social_post_already_shared":false,"jetpack_social_options":{"image_generator_settings":{"template":"highway","default_image_id":0,"font":"","enabled":false},"version":2}},"categories":[563],"tags":[],"class_list":["post-272949","post","type-post","status-publish","format-standard","has-post-thumbnail","hentry","category-area-urbana"],"acf":[],"jetpack_publicize_connections":[],"_links":{"self":[{"href":"https:\/\/quicosenza.it\/news\/wp-json\/wp\/v2\/posts\/272949","targetHints":{"allow":["GET"]}}],"collection":[{"href":"https:\/\/quicosenza.it\/news\/wp-json\/wp\/v2\/posts"}],"about":[{"href":"https:\/\/quicosenza.it\/news\/wp-json\/wp\/v2\/types\/post"}],"author":[{"embeddable":true,"href":"https:\/\/quicosenza.it\/news\/wp-json\/wp\/v2\/users\/42"}],"replies":[{"embeddable":true,"href":"https:\/\/quicosenza.it\/news\/wp-json\/wp\/v2\/comments?post=272949"}],"version-history":[{"count":0,"href":"https:\/\/quicosenza.it\/news\/wp-json\/wp\/v2\/posts\/272949\/revisions"}],"wp:featuredmedia":[{"embeddable":true,"href":"https:\/\/quicosenza.it\/news\/wp-json\/wp\/v2\/media\/266666"}],"wp:attachment":[{"href":"https:\/\/quicosenza.it\/news\/wp-json\/wp\/v2\/media?parent=272949"}],"wp:term":[{"taxonomy":"category","embeddable":true,"href":"https:\/\/quicosenza.it\/news\/wp-json\/wp\/v2\/categories?post=272949"},{"taxonomy":"post_tag","embeddable":true,"href":"https:\/\/quicosenza.it\/news\/wp-json\/wp\/v2\/tags?post=272949"}],"curies":[{"name":"wp","href":"https:\/\/api.w.org\/{rel}","templated":true}]}}