{"id":272970,"date":"2025-10-16T16:53:49","date_gmt":"2025-10-16T14:53:49","guid":{"rendered":"https:\/\/www.quicosenza.it\/news\/?p=272970"},"modified":"2025-10-16T16:53:49","modified_gmt":"2025-10-16T14:53:49","slug":"cosenza-lopposizione-attacca-il-voto-regionale-boccia-il-sindaco-caruso","status":"publish","type":"post","link":"https:\/\/quicosenza.it\/news\/cosenza-lopposizione-attacca-il-voto-regionale-boccia-il-sindaco-caruso\/","title":{"rendered":"Cosenza, l&#8217;opposizione attacca: \u00abil voto regionale boccia il sindaco Caruso\u00bb"},"content":{"rendered":"<p>COSENZA &#8211; &#8220;Le elezioni regionali hanno certificato in modo inequivocabile l\u2019inefficacia dell\u2019amministrazione comunale guidata dal <strong>sindaco Franz Caruso.<\/strong> L\u2019effetto deflagrante del voto regionale su Cosenza rappresenta un chiaro segnale di sfiducia dei cittadini verso una giunta che ha dimostrato totale incapacit\u00e0 di governo e assenza di progettualit\u00e0. Questo \u00e8 l\u2019avviso di sfratto che i cittadini cosentini stanno dando al sindaco Caruso!&#8221;. A scriverlo i <strong>consiglieri comunali di Cosenza, <\/strong><strong>appartenenti ai gruppi consiliari di minoranza<\/strong>: <strong>Francesco Caruso, Francesco Cito, Giuseppe D\u2019Ippolito, Alfredo Dodaro, Francesco Luberto, Ivana Lucanto, Antonio Ruffolo, Francesco Spadafora, Michelangelo Spataro<\/strong>.<\/p>\n<h3><strong>&#8220;Il tragicomico teatrino dei socialisti&#8221;<\/strong><\/h3>\n<p>&#8220;Particolarmente imbarazzante, &#8211; precisa l&#8217;opposizione &#8211; risulta la maldestra disamina del voto operata da Luigi Incarnato, che si pone come padre dei nuovi socialisti e poi ha candidato la figlia Pina nella lista di DP anzich\u00e9 in quella dei Riformisti, nella speranza di guadagnare un posto al sole attraverso posizionamenti strategici di convenienza. Del resto, i numeri parlano chiaro: i socialisti, che il sindaco Caruso identifica come il proprio partito di riferimento, con la candidatura di Pina Incarnato hanno raccolto appena 800 preferenze alle regionali. E non dimentichiamo le europee, dove Maraio ha ottenuto soltanto 300 voti. Come possono dichiararsi soddisfatti? Inoltre, la maggioranza che sostiene l\u2019amministrazione Caruso ha dimostrato una totale incapacit\u00e0 di avere una visione di insieme e un reale progetto politico per la citt\u00e0, che \u00e8 ferma al palo in ogni settore. L&#8217;unica preoccupazione di questa amministrazione sembra essere quella di inseguire mire personalistiche e individuali ogni qualvolta si profila una competizione elettorale, come dimostrato dalla recente candidatura di quattro assessori alle regionali.<\/p>\n<h3><strong>&#8220;Il sogno infranto contro la realt\u00e0&#8221;<\/strong><\/h3>\n<p><strong>Il dato elettorale \u00e8 chiaro e impietoso<\/strong>: il sogno perseguito dall&#8217;amministrazione Caruso si \u00e8 infranto contro un dato reale che vede questa giunta completamente priva di consensi in citt\u00e0. Partendo da Maraio candidato alle europee e arrivando a queste ultime regionali, il trend \u00e8 inequivocabile: i cittadini cosentini hanno voltato le spalle a chi aveva promesso tanto e non ha mantenuto nulla. <strong>Il voto delle regionali ha messo a nudo tutte le contraddizioni e le inefficienze di questa amministrazione<\/strong>. I cittadini cosentini hanno mandato un messaggio chiaro e inequivocabile: l\u2019amministrazione Caruso \u00e8 al capolinea, ormai priva di legittimazione politica e di consenso popolare. Non c\u2019\u00e8 pi\u00f9 credibilit\u00e0, non c\u2019\u00e8 pi\u00f9 fiducia, non ci sono pi\u00f9 alibi. Il sindaco e la sua maggioranza farebbero bene a prendere atto di questa realt\u00e0 e a trarne le dovute conseguenze. Cosenza merita amministratori che abbiano a cuore il bene della citt\u00e0, non politici di professione che usano le istituzioni come trampolino per le loro carriere personali mentre la citt\u00e0 rimane ferma e paralizzata.<\/p>\n<p>&nbsp;<\/p>\n<p>&nbsp;<\/p>\n<p>&nbsp;<\/p>\n","protected":false},"excerpt":{"rendered":"<p>\u00abLe elezioni regionali hanno certificato in modo inequivocabile l\u2019inefficacia dell\u2019amministrazione comunale guidata dal sindaco Franz Caruso\u00bb, dichiarano i consiglieri di minoranza<\/p>\n","protected":false},"author":58,"featured_media":237083,"comment_status":"closed","ping_status":"closed","sticky":false,"template":"","format":"standard","meta":{"_acf_changed":false,"footnotes":"","jetpack_publicize_message":"","jetpack_publicize_feature_enabled":true,"jetpack_social_post_already_shared":false,"jetpack_social_options":{"image_generator_settings":{"template":"highway","default_image_id":0,"font":"","enabled":false},"version":2}},"categories":[563,42],"tags":[],"class_list":["post-272970","post","type-post","status-publish","format-standard","has-post-thumbnail","hentry","category-area-urbana","category-cosenza"],"acf":[],"jetpack_publicize_connections":[],"_links":{"self":[{"href":"https:\/\/quicosenza.it\/news\/wp-json\/wp\/v2\/posts\/272970","targetHints":{"allow":["GET"]}}],"collection":[{"href":"https:\/\/quicosenza.it\/news\/wp-json\/wp\/v2\/posts"}],"about":[{"href":"https:\/\/quicosenza.it\/news\/wp-json\/wp\/v2\/types\/post"}],"author":[{"embeddable":true,"href":"https:\/\/quicosenza.it\/news\/wp-json\/wp\/v2\/users\/58"}],"replies":[{"embeddable":true,"href":"https:\/\/quicosenza.it\/news\/wp-json\/wp\/v2\/comments?post=272970"}],"version-history":[{"count":0,"href":"https:\/\/quicosenza.it\/news\/wp-json\/wp\/v2\/posts\/272970\/revisions"}],"wp:featuredmedia":[{"embeddable":true,"href":"https:\/\/quicosenza.it\/news\/wp-json\/wp\/v2\/media\/237083"}],"wp:attachment":[{"href":"https:\/\/quicosenza.it\/news\/wp-json\/wp\/v2\/media?parent=272970"}],"wp:term":[{"taxonomy":"category","embeddable":true,"href":"https:\/\/quicosenza.it\/news\/wp-json\/wp\/v2\/categories?post=272970"},{"taxonomy":"post_tag","embeddable":true,"href":"https:\/\/quicosenza.it\/news\/wp-json\/wp\/v2\/tags?post=272970"}],"curies":[{"name":"wp","href":"https:\/\/api.w.org\/{rel}","templated":true}]}}