{"id":272974,"date":"2025-10-16T17:31:19","date_gmt":"2025-10-16T15:31:19","guid":{"rendered":"https:\/\/www.quicosenza.it\/news\/?p=272974"},"modified":"2025-10-16T17:31:19","modified_gmt":"2025-10-16T15:31:19","slug":"nuovo-ospedale-rende-e-montalto-uniscono-le-forze-polo-che-trasformera-la-calabria","status":"publish","type":"post","link":"https:\/\/quicosenza.it\/news\/nuovo-ospedale-rende-e-montalto-uniscono-le-forze-polo-che-trasformera-la-calabria\/","title":{"rendered":"Nuovo ospedale, Rende e Montalto uniscono le forze: \u00abPolo che trasformer\u00e0 la Calabria\u00bb"},"content":{"rendered":"<p>MONTALTO UFFUGO (CS) &#8211; Nuovo ospedale ad Arcavacata, i comuni di Rende e Montalto uniscono le forze e &#8211; a scanso di equivoci &#8211; ribadiscono che &#8220;non \u00e8 guerra di campanile con Cosenza&#8221;. \u00abUn nuovo modello di cooperazione istituzionale sta prendendo forma tra i Comuni di Montalto Uffugo e Rende. A guidarlo \u00e8 un\u2019intesa politica e amministrativa sempre pi\u00f9 salda tra il sindaco di Montalto, Biagio Faragalli, e il sindaco di Rende, Sandro Principe, che in questi giorni si sono espressi con chiarezza su uno dei temi pi\u00f9 rilevanti per il futuro del territorio: la<strong> nascita del nuovo polo sanitario regionale, collegato alla Facolt\u00e0 di Medicina\u00bb<\/strong>. Nel suo intervento, il sindaco Faragalli ha espresso apprezzamento e piena condivisione per <strong>le parole del collega <a href=\"https:\/\/quicosenza.it\/news\/principe-il-policlinico-si-fara-a-rende-nessun-derby-ma-fatti-oggettivi-a-breve-i-nuovi-collegamenti-viari-per-la-a2\/\">Principe<\/a><\/strong>, sottolineando come tra i due amministratori si sia consolidata \u00abuna profonda sinergia istituzionale\u00bb, maturata sin dal giorno dell\u2019elezione del primo cittadino di Rende.<\/p>\n<p>\u00abUna collaborazione concreta che guarda al futuro e che punta a t<strong>rasformare l\u2019area Rende \u2013 Montalto in un centro nevralgico di sviluppo europeo<\/strong>, come gi\u00e0 definito dal sindaco Principe. \u00abQuesta non \u00e8 pi\u00f9 un\u2019area da pensare a compartimenti stagni \u2013 ha dichiarato Faragalli \u2013 ma un territorio che deve unirsi. La realizzazione del ponte di Santa Maria di Settimo, la pista ciclabile in progettazione, il nuovo svincolo autostradale e la stazione ferroviaria che collegher\u00e0 il Tirreno con l\u2019Universit\u00e0, rappresentano un sistema integrato che unir\u00e0 il mondo sanitario, universitario e infrastrutturale della Calabria\u00bb. Il cuore della visione condivisa \u00e8 la creazione di un nuovo ospedale al servizio dell\u2019intera regione, in prossimit\u00e0 della Facolt\u00e0 di Medicina, la cui istituzione \u00e8 frutto del lavoro della Regione Calabria, con il presidente Roberto Occhiuto in prima linea, insieme all\u2019ex rettore Nicola Leone e con il nuovo rettore Luciano Greco, cui Faragalli ha rivolto pubblicamente gli auguri per un mandato di proficua collaborazione.<\/p>\n<p><strong>Il sindaco di Montalto ha chiarito con forza che questa non \u00e8 una battaglia di campanile:<\/strong> \u00abCosenza dispone gi\u00e0 di un hub ospedaliero, con l\u2019Ospedale Civile e il Mariano Santo. Non \u00e8 utile pensare a una nuova struttura in citt\u00e0. Il nuovo polo sanitario, vicino alla Facolt\u00e0 di Medicina e integrato con le infrastrutture in corso di realizzazione, potr\u00e0 servire meglio la Calabria intera e decongestionare il traffico legato alla migrazione sanitaria\u00bb. <strong>Faragalli ha poi lanciato un messaggio chiaro all\u2019intero territorio<\/strong>: \u00abNon si tratta di una questione di appartenenza politica n\u00e9 di rivalit\u00e0 tra territori. Noi sindaci siamo solo servitori dello Stato, di passaggio, con il dovere morale di lasciare un territorio pi\u00f9 unito e pi\u00f9 forte. Lavoriamo insieme per offrire servizi reali e duraturi alle nostre comunit\u00e0\u00bb. L\u2019ambiziosa visione strategica condivisa da Rende e Montalto, fatta di infrastrutture moderne, sanit\u00e0 d\u2019eccellenza e cooperazione istituzionale, \u00e8 un segnale forte per tutta la Calabria. \u00c8 il segno che una nuova idea di territorio \u00e8 possibile, fondata sulla condivisione, la concretezza e l\u2019interesse collettivo\u00bb.<\/p>\n","protected":false},"excerpt":{"rendered":"<p>Il sindaco di Montalto ha chiarito con forza che questa non \u00e8 una battaglia di campanile: \u00abCosenza dispone gi\u00e0 di un hub ospedaliero, con l\u2019Ospedale Civile e il Mariano Santo\u00bb<\/p>\n","protected":false},"author":58,"featured_media":272976,"comment_status":"closed","ping_status":"closed","sticky":false,"template":"","format":"standard","meta":{"_acf_changed":false,"footnotes":"","jetpack_publicize_message":"","jetpack_publicize_feature_enabled":true,"jetpack_social_post_already_shared":false,"jetpack_social_options":{"image_generator_settings":{"template":"highway","default_image_id":0,"font":"","enabled":false},"version":2}},"categories":[563,566],"tags":[],"class_list":["post-272974","post","type-post","status-publish","format-standard","has-post-thumbnail","hentry","category-area-urbana","category-montalto"],"acf":[],"jetpack_publicize_connections":[],"_links":{"self":[{"href":"https:\/\/quicosenza.it\/news\/wp-json\/wp\/v2\/posts\/272974","targetHints":{"allow":["GET"]}}],"collection":[{"href":"https:\/\/quicosenza.it\/news\/wp-json\/wp\/v2\/posts"}],"about":[{"href":"https:\/\/quicosenza.it\/news\/wp-json\/wp\/v2\/types\/post"}],"author":[{"embeddable":true,"href":"https:\/\/quicosenza.it\/news\/wp-json\/wp\/v2\/users\/58"}],"replies":[{"embeddable":true,"href":"https:\/\/quicosenza.it\/news\/wp-json\/wp\/v2\/comments?post=272974"}],"version-history":[{"count":0,"href":"https:\/\/quicosenza.it\/news\/wp-json\/wp\/v2\/posts\/272974\/revisions"}],"wp:featuredmedia":[{"embeddable":true,"href":"https:\/\/quicosenza.it\/news\/wp-json\/wp\/v2\/media\/272976"}],"wp:attachment":[{"href":"https:\/\/quicosenza.it\/news\/wp-json\/wp\/v2\/media?parent=272974"}],"wp:term":[{"taxonomy":"category","embeddable":true,"href":"https:\/\/quicosenza.it\/news\/wp-json\/wp\/v2\/categories?post=272974"},{"taxonomy":"post_tag","embeddable":true,"href":"https:\/\/quicosenza.it\/news\/wp-json\/wp\/v2\/tags?post=272974"}],"curies":[{"name":"wp","href":"https:\/\/api.w.org\/{rel}","templated":true}]}}