{"id":272992,"date":"2025-10-17T07:30:38","date_gmt":"2025-10-17T05:30:38","guid":{"rendered":"https:\/\/www.quicosenza.it\/news\/?p=272992"},"modified":"2025-10-17T07:21:48","modified_gmt":"2025-10-17T05:21:48","slug":"la-resa-dei-conti-del-centrosinistra-nel-post-elezioni-regionali","status":"publish","type":"post","link":"https:\/\/quicosenza.it\/news\/la-resa-dei-conti-del-centrosinistra-nel-post-elezioni-regionali\/","title":{"rendered":"La resa dei conti del centrosinistra nel post elezioni regionali"},"content":{"rendered":"<p>COSENZA &#8211; E&#8217; quasi una prassi: dopo ogni elezione chi vince cerca di mantenere l&#8217;equilibrio giusto per riuscire a governare, <strong>chi perde va incontro ad una sorta di resa dei conti<\/strong> e cerca di prepararsi al meglio in vista delle prossime scadenze elettorali. Ed \u00e8 quello che sta accadendo anche dopo questa tornata elettorale.<\/p>\n<p>Da una parte, in attesa della proclamazione ufficiale degli eletti, <strong><a href=\"https:\/\/quicosenza.it\/news\/occhiuto-esulta-per-la-vittoria-la-dedico-ai-calabresi-non-vi-deluderemo-la-prima-volta-di-una-riconferma\/\">Occhiuto<\/a> \u00e8 alle prese con la nomina della nuova giunta<\/strong>, che passa anche attraverso la scelta di due figure chiave, <strong>il vice presidente della Giunta regionale ed il presidente del Consiglio<\/strong>. Dall&#8217;altra ognuno cerca le motivazioni di una sconfitta fra accuse agli alleati e responsabilit\u00e0 proprie.<\/p>\n<p>Probabilmente l&#8217;epicentro, in questo momento, delle polemiche \u00e8 la provincia di Cosenza:<strong> si va dalle parole di Stasi alla risposta di Irto passando dalle diverse dichiarazioni di Incarnato, Caruso e Principe<\/strong>. La campagna elettorale \u00e8 finita, ma la &#8220;temperatura&#8221; politica sembra non diminuire anche perch\u00e9 il prossimo appuntamento elettorale \u00e8 proprio <strong>la corsa alla presidenza della Provincia di Cosenza<\/strong>, ma prima ancora, dopo l&#8217;elezione <strong>di <a href=\"https:\/\/quicosenza.it\/news\/francesco-de-cicco-lassessore-operaio-di-cosenza-con-la-sua-politica-del-fare-va-in-consiglio-regionale\/\">De Cicco<\/a> in consiglio regionale<\/strong>, bisogner\u00e0 nominare un nuovo assessore nella giunta cosentina. I primi nomi che circolano sono quelli di <strong>Francesco Turco e Antonietta Cozza<\/strong>. La scelta, chiaramente, spetta ad un <strong>Franz Caruso<\/strong>, chiamato, ora, anche ad evitare che qualche &#8220;mal di pancia&#8221; post elezione (erano diversi gli esponenti di giunta e Consiglio comunale) possa diventare cronico e creare problemi al governo della citt\u00e0.<\/p>\n<p>Lo stesso Caruso potrebbe essere anche interessato al ruolo di presidente della provincia, ma solo ad una condizione: <strong>che il centrosinistra possa puntare su una candidatura unitaria<\/strong>. Le dichiarazioni di Flavio Stasi, per\u00f2, sembrano andare in altra direzione. Il primo cittadino di Corigliano Rossano ha dettato un suo identikit: <strong>un sindaco giovane, di un comune medio piccolo, con anni di amministrazione davanti.<\/strong> A chi pu\u00f2 riferirsi Stasi? Tenendo conto dell&#8217;identikit tracciato e dai rumors, il nome su cui puntare potrebbe essere quello di <strong>Paolo Pappaterra<\/strong>. Il sindaco di <strong>Mormanno<\/strong>, dopo aver rinunciato alla candidatura alla regione (le motivazioni, probabilmente, vanno ricercate in ci\u00f2 che \u00e8 accaduto all&#8217;interno del PD dal congresso provinciale alla presentazione della lista), potrebbe ora tornare in corsa per la provincia.<\/p>\n","protected":false},"excerpt":{"rendered":"<p>Dalla nomina del nuovo assessore comunale all&#8217;elezione del presidente della Provincia: le conseguenze del voto per le regionali investono Cosenza<\/p>\n","protected":false},"author":65,"featured_media":252316,"comment_status":"closed","ping_status":"closed","sticky":false,"template":"","format":"video","meta":{"_acf_changed":false,"footnotes":"","jetpack_publicize_message":"","jetpack_publicize_feature_enabled":true,"jetpack_social_post_already_shared":false,"jetpack_social_options":{"image_generator_settings":{"template":"highway","default_image_id":0,"font":"","enabled":false},"version":2}},"categories":[563,42],"tags":[],"class_list":["post-272992","post","type-post","status-publish","format-video","has-post-thumbnail","hentry","category-area-urbana","category-cosenza","post_format-post-format-video"],"acf":[],"jetpack_publicize_connections":[],"_links":{"self":[{"href":"https:\/\/quicosenza.it\/news\/wp-json\/wp\/v2\/posts\/272992","targetHints":{"allow":["GET"]}}],"collection":[{"href":"https:\/\/quicosenza.it\/news\/wp-json\/wp\/v2\/posts"}],"about":[{"href":"https:\/\/quicosenza.it\/news\/wp-json\/wp\/v2\/types\/post"}],"author":[{"embeddable":true,"href":"https:\/\/quicosenza.it\/news\/wp-json\/wp\/v2\/users\/65"}],"replies":[{"embeddable":true,"href":"https:\/\/quicosenza.it\/news\/wp-json\/wp\/v2\/comments?post=272992"}],"version-history":[{"count":0,"href":"https:\/\/quicosenza.it\/news\/wp-json\/wp\/v2\/posts\/272992\/revisions"}],"wp:featuredmedia":[{"embeddable":true,"href":"https:\/\/quicosenza.it\/news\/wp-json\/wp\/v2\/media\/252316"}],"wp:attachment":[{"href":"https:\/\/quicosenza.it\/news\/wp-json\/wp\/v2\/media?parent=272992"}],"wp:term":[{"taxonomy":"category","embeddable":true,"href":"https:\/\/quicosenza.it\/news\/wp-json\/wp\/v2\/categories?post=272992"},{"taxonomy":"post_tag","embeddable":true,"href":"https:\/\/quicosenza.it\/news\/wp-json\/wp\/v2\/tags?post=272992"}],"curies":[{"name":"wp","href":"https:\/\/api.w.org\/{rel}","templated":true}]}}