{"id":273057,"date":"2025-10-17T13:02:37","date_gmt":"2025-10-17T11:02:37","guid":{"rendered":"https:\/\/www.quicosenza.it\/news\/?p=273057"},"modified":"2025-10-17T16:03:03","modified_gmt":"2025-10-17T14:03:03","slug":"cosenza-citta-in-salute-in-piazza-dei-bruzi-tre-giorni-dedicati-a-prevenzione-e-benessere","status":"publish","type":"post","link":"https:\/\/quicosenza.it\/news\/cosenza-citta-in-salute-in-piazza-dei-bruzi-tre-giorni-dedicati-a-prevenzione-e-benessere\/","title":{"rendered":"\u201cCosenza Citt\u00e0 IN Salute\u201d: in Piazza dei Bruzi tre giorni dedicati a prevenzione e benessere"},"content":{"rendered":"<p>COSENZA \u00a0&#8211; Ha preso il via questa mattina,\u00a0 \u201c<a href=\"https:\/\/quicosenza.it\/news\/cosenza-citta-in-salute-tre-giornate-dedicate-al-benessere-alla-prevenzione-e-alla-vita-sana\/?amp=1\">Cosenza Citt\u00e0 IN Salute<\/a>\u201d. Una tre giorni \u00a0 dedicata \u00a0alla <strong>promozione della salute<\/strong>, della <strong>prevenzione<\/strong> e del benessere. in piazza dei bruzi sono stati allestiti gli stand dedicati\u00a0 all\u2019informazione sanitaria, e dove per tre giorni \u00a0saranno effettuati screening gratuiti.<\/p>\n<h3><strong>Cosenza Citt\u00e0 IN Salute: la prevenzione \u00e8 importantissima<\/strong><\/h3>\n<p>\u201cLa prevenzione \u00e8 importantissima \u2013 ha spiegato <strong>Salvatore Monaco<\/strong> della <a href=\"https:\/\/www.ildelfino.net\/\" rel=\"noopener\">Cooperativa Il Delfino<\/a>, presente con un proprio stand &#8211; \u00a0perch\u00e9 una volta che si arriva alla malattia conclamata, qualunque essa sia, il danno \u00e8 gi\u00e0 il fatto. Quindi, prevenire significa anticipare notevolmente, quelli che sono dei disagi che possono essere assolutamente contrastati con una buona informazione\u201d.<\/p>\n","protected":false},"excerpt":{"rendered":"<p>Prevenire significa anticipare, quelli che sono dei disagi che possono essere assolutamente contrastati con una buona informazione<\/p>\n","protected":false},"author":66,"featured_media":273060,"comment_status":"closed","ping_status":"closed","sticky":false,"template":"","format":"video","meta":{"_acf_changed":false,"footnotes":"","jetpack_publicize_message":"","jetpack_publicize_feature_enabled":true,"jetpack_social_post_already_shared":false,"jetpack_social_options":{"image_generator_settings":{"template":"highway","default_image_id":0,"font":"","enabled":false},"version":2}},"categories":[563,42],"tags":[],"class_list":["post-273057","post","type-post","status-publish","format-video","has-post-thumbnail","hentry","category-area-urbana","category-cosenza","post_format-post-format-video"],"acf":[],"jetpack_publicize_connections":[],"_links":{"self":[{"href":"https:\/\/quicosenza.it\/news\/wp-json\/wp\/v2\/posts\/273057","targetHints":{"allow":["GET"]}}],"collection":[{"href":"https:\/\/quicosenza.it\/news\/wp-json\/wp\/v2\/posts"}],"about":[{"href":"https:\/\/quicosenza.it\/news\/wp-json\/wp\/v2\/types\/post"}],"author":[{"embeddable":true,"href":"https:\/\/quicosenza.it\/news\/wp-json\/wp\/v2\/users\/66"}],"replies":[{"embeddable":true,"href":"https:\/\/quicosenza.it\/news\/wp-json\/wp\/v2\/comments?post=273057"}],"version-history":[{"count":0,"href":"https:\/\/quicosenza.it\/news\/wp-json\/wp\/v2\/posts\/273057\/revisions"}],"wp:featuredmedia":[{"embeddable":true,"href":"https:\/\/quicosenza.it\/news\/wp-json\/wp\/v2\/media\/273060"}],"wp:attachment":[{"href":"https:\/\/quicosenza.it\/news\/wp-json\/wp\/v2\/media?parent=273057"}],"wp:term":[{"taxonomy":"category","embeddable":true,"href":"https:\/\/quicosenza.it\/news\/wp-json\/wp\/v2\/categories?post=273057"},{"taxonomy":"post_tag","embeddable":true,"href":"https:\/\/quicosenza.it\/news\/wp-json\/wp\/v2\/tags?post=273057"}],"curies":[{"name":"wp","href":"https:\/\/api.w.org\/{rel}","templated":true}]}}