{"id":273072,"date":"2025-10-17T17:00:12","date_gmt":"2025-10-17T15:00:12","guid":{"rendered":"https:\/\/www.quicosenza.it\/news\/?p=273072"},"modified":"2025-10-17T16:21:39","modified_gmt":"2025-10-17T14:21:39","slug":"al-via-la-stagione-del-teatro-rendano-con-bolero-di-ravel","status":"publish","type":"post","link":"https:\/\/quicosenza.it\/news\/al-via-la-stagione-del-teatro-rendano-con-bolero-di-ravel\/","title":{"rendered":"Al via la stagione del Teatro Rendano con &#8220;Bolero&#8221; di Ravel"},"content":{"rendered":"<p>COSENZA &#8211; Al via <strong>domenica 19 ottobre<\/strong> la <strong>stagione 2025 del Teatro &#8220;Rendano&#8221; di Cosenza <\/strong>che anche quest&#8217;anno \u00e8 <a href=\"https:\/\/cercoeventi.it\/events\/il-teatro-rendano-diventa-casa-della-meraviglia-nuova-stagione-ricca-di-eventi-programma\/\" target=\"_blank\" rel=\"noopener\"><strong>ricca di eventi.<\/strong><\/a> Primo titolo in cartellone il <strong>&#8220;Bolero&#8221; di Maurice Ravel,<\/strong> in occasione del 150\u00b0 anniversario della nascita del grande compositore francese che risale al 1875. L&#8217;appuntamento \u00e8 per le <strong>ore 18.<\/strong> Lo spettacolo \u00e8 una <strong>produzione originale del Rendano.<\/strong> Il concept, le coreografie e la regia sono firmate da <strong>Salvatore De Simone<\/strong>, danzatore e coreografo della londinese &#8220;Wayne Mcgregor Dance Company&#8221;, una delle maggiori compagnie internazionali, e <strong>Filippo Stabile,<\/strong> danzatore e coreografo, anch&#8217;egli con una ragguardevole esperienza internazionale. I due coreografi e registi sono <strong>entrambi calabresi.<\/strong><\/p>\n<p>Sulle tavole del Rendano sar\u00e0 impegnato un <strong>collettivo internazionale di danzatori <\/strong>selezionato appositamente per la produzione originale del Rendano. Le performance aeree sono a cura della <strong>Compagnia Colonna.<\/strong> La produzione \u00e8 realizzata in collaborazione con <a href=\"https:\/\/quicosenza.it\/news\/parte-da-cosenza-ramificazioni-festival-12-appuntamenti-dedicati-alla-danza-dautore\/\" target=\"_blank\" rel=\"noopener\"><strong>&#8220;Ramificazioni festival&#8221;<\/strong>.<\/a> Alle musiche originali di Ravel si somma un inedito elettronico di <strong>Vincenzo Palermo.<\/strong><\/p>\n<h3>Stagione del Teatro Rendano, Caruso: &#8220;Ci sono i presupposti per fare bene&#8221;<\/h3>\n<p>&#8220;Siamo pronti \u2013 sottolinea il <strong>Sindaco Franz Caruso<\/strong> &#8211; ad accogliere il nostro pubblico in quella casa della meraviglia \u2013 questo lo slogan della stagione \u2013 che \u00e8 e deve tornare ad essere il Teatro Rendano. Il nostro teatro ha intrapreso un nuovo corso e \u2013 lo ribadisco &#8211; \u00e8 <strong>una delle realt\u00e0 pi\u00f9 preziose dell&#8217;intera regione,<\/strong> che deve riprendere la centralit\u00e0 che gli spetta nella geografia dei teatri pi\u00f9 importanti del Mezzogiorno. I presupposti per fare bene, con la<strong> nuova direzione artistica<\/strong> e con il <strong>progetto triennale<\/strong> presentato al Ministero \u2013 aggiunge Franz Caruso &#8211; ci sono tutti. Si dice che chi ben comincia \u00e8 a met\u00e0 dell&#8217;opera. In attesa del repertorio operistico, prossimo venturo, invitiamo gli appassionati a seguire con interesse la significativa rivisitazione del &#8220;Bolero&#8221; di Ravel secondo la rilettura che ne fanno due talentuosi coreografi appartenenti alla nostra terra&#8221;.<\/p>\n<h3>Il &#8220;Bolero&#8221; di Ravel, perch\u00e8 questa scelta: parla Giordano<\/h3>\n<p><strong>&#8220;Un lavoro di grande impatto emotivo&#8221;.<\/strong> Cos\u00ec il &#8220;Bolero&#8221; viene definito dal direttore artistico della stagione del Rendano, <strong>Chiara Giordano.<\/strong> &#8220;La danza \u2013 dice ancora Giordano &#8211; penetra il fascino intramontabile del Bolero. Il suo incantamento ritmico restituisce ipnotica poesia dei corpi, per poi generare, anche con l&#8217;innesto di musica elettronica, un loop avvolgente e catturante (di qui il titolo completo dello spettacolo, &#8220;Bolero Loop Escape&#8221;) in un escalation che alterna frenesia e sospensione, fuga e rincorsa, esplosione e implosione e che porta, al fine, ad una superiore, estatica ed eterna armonia&#8221;.<\/p>\n<p>Chiara Giordano spiega anche i motivi che hanno indotto ad aprire la stagione con questo lavoro. &#8220;La motivazione \u2013 sottolinea &#8211; \u00e8 quadruplice: l&#8217;adesione alla programmazione triennale che prevede la danza nella sua plurale espressione tra balletto classico e creazioni contemporanee, l&#8217;occasione dei 150 anni dalla nascita di Ravel che \u00e8 uno dei pi\u00f9 grandi compositori di tutti i tempi, la celebrit\u00e0 e il fascino del Bolero che per\u00f2 offre sempre nuovi spunti interpretativi, e, infine, il fatto che entrambi i <strong>coreografi siano calabresi under 35<\/strong>, ma gi\u00e0 con formazione ed esperienza di profilo internazionale, anche in contesti blasonati e di massimo prestigio. Il fatto poi \u2013 chiude Giordano &#8211; di avere una compagnia di matrice internazionale e individuata attraverso una call ad hoc rende ancora pi\u00f9 entusiasmante accogliere questa produzione originale&#8221;.<\/p>\n<h3>La struttura dello spettacolo: parola a De Simone<\/h3>\n<p>A spiegare, invece, la struttura dello spettacolo, diviso in due parti, \u00e8 il coreografo e regista <strong>Salvatore De Simone.<\/strong> &#8220;Bolero Loop\/Escape \u2013 dice &#8211; nasce come una <strong>danza tra memoria e ribellione.<\/strong> Il fantasma di Bronislava Nijinska ritorna sulla scena del suo Bolero per danzare ancora, ma ci\u00f2 che trova non \u00e8 pi\u00f9 il suo mondo: \u00e8 un paesaggio glitchato, distorto, popolato da ombre e frammenti del passato. Il suo corpo si muove in un rituale sospeso, tentando di ritrovare il controllo, ma viene trascinato da forze pi\u00f9 grandi: il desiderio, la collettivit\u00e0, la ripetizione, la perdita. Il cerchio, tavolo, loop, prigione, diventa il simbolo del ciclo che non si spezza. Nijinska incontra il fratello Vaslav Nijinsky, anch&#8217;egli intrappolato in un loop di follia e genio: il loro dialogo fisico \u00e8 una lotta e un abbraccio, una tensione tra amore e annullamento. La danza \u2013 conclude De Simone &#8211; si trasforma in un <strong>rave di movimento e resistenza,<\/strong> dove il collettivo implode nel proprio ritmo. Ogni corpo \u00e8 un&#8217;eco, un glitch, un frammento di una memoria che si disintegra. Nijinska rimane sola, avvolta dal silenzio, mentre il cerchio continua, il loop non finisce mai, ma continua come un respiro, un battito, un ricordo che rifiuta di morire&#8221;.<\/p>\n","protected":false},"excerpt":{"rendered":"<p>Si parte domenica 19 ottobre alle 18 con una produzione originale del Rendano. Il concept, le coreografie e la regia sono firmate da coreografi e registi calabresi <\/p>\n","protected":false},"author":90,"featured_media":273074,"comment_status":"closed","ping_status":"closed","sticky":false,"template":"","format":"standard","meta":{"_acf_changed":false,"footnotes":"","jetpack_publicize_message":"","jetpack_publicize_feature_enabled":true,"jetpack_social_post_already_shared":false,"jetpack_social_options":{"image_generator_settings":{"template":"highway","default_image_id":0,"font":"","enabled":false},"version":2}},"categories":[563,42,1],"tags":[],"class_list":["post-273072","post","type-post","status-publish","format-standard","has-post-thumbnail","hentry","category-area-urbana","category-cosenza","category-senza-categoria"],"acf":[],"jetpack_publicize_connections":[],"_links":{"self":[{"href":"https:\/\/quicosenza.it\/news\/wp-json\/wp\/v2\/posts\/273072","targetHints":{"allow":["GET"]}}],"collection":[{"href":"https:\/\/quicosenza.it\/news\/wp-json\/wp\/v2\/posts"}],"about":[{"href":"https:\/\/quicosenza.it\/news\/wp-json\/wp\/v2\/types\/post"}],"author":[{"embeddable":true,"href":"https:\/\/quicosenza.it\/news\/wp-json\/wp\/v2\/users\/90"}],"replies":[{"embeddable":true,"href":"https:\/\/quicosenza.it\/news\/wp-json\/wp\/v2\/comments?post=273072"}],"version-history":[{"count":0,"href":"https:\/\/quicosenza.it\/news\/wp-json\/wp\/v2\/posts\/273072\/revisions"}],"wp:featuredmedia":[{"embeddable":true,"href":"https:\/\/quicosenza.it\/news\/wp-json\/wp\/v2\/media\/273074"}],"wp:attachment":[{"href":"https:\/\/quicosenza.it\/news\/wp-json\/wp\/v2\/media?parent=273072"}],"wp:term":[{"taxonomy":"category","embeddable":true,"href":"https:\/\/quicosenza.it\/news\/wp-json\/wp\/v2\/categories?post=273072"},{"taxonomy":"post_tag","embeddable":true,"href":"https:\/\/quicosenza.it\/news\/wp-json\/wp\/v2\/tags?post=273072"}],"curies":[{"name":"wp","href":"https:\/\/api.w.org\/{rel}","templated":true}]}}