{"id":273171,"date":"2025-10-18T15:25:37","date_gmt":"2025-10-18T13:25:37","guid":{"rendered":"https:\/\/www.quicosenza.it\/news\/?p=273171"},"modified":"2025-10-18T15:15:35","modified_gmt":"2025-10-18T13:15:35","slug":"la-calabria-tra-le-regioni-in-europa-piu-a-rischio-poverta","status":"publish","type":"post","link":"https:\/\/quicosenza.it\/news\/la-calabria-tra-le-regioni-in-europa-piu-a-rischio-poverta\/","title":{"rendered":"La Calabria tra le regioni in Europa pi\u00f9 a rischio povert\u00e0"},"content":{"rendered":"<p>COSENZA &#8211; Una nuova maglia nera arriva per la Calabria. Secondo i <strong>dati diffusi da Eurostat relativi al 2024<\/strong> insieme a\u00a0Guyana francese e Campania, la Calabria \u00e8 tra le<strong> regioni con i pi\u00f9 alti tassi di rischio di povert\u00e0 o esclusione sociale in Europa.<\/strong> La nostra regione, seconda solo a\u00a0Guyana francese (59,5%), registra un t<strong>asso di vulnerabilit\u00e0 del 48,8%,<\/strong> seguita dalla citt\u00e0 autonoma spagnola di Melilla (44,5%) e dalla Campania (43,5%).<\/p>\n<p>Con l&#8217;analisi si evidenzia e si conferma come il Mezzogiorno d&#8217;Italia sia ancora tra<strong> le zone pi\u00f9 fragili d&#8217;Europa<\/strong>: Calabria e Campania superano di oltre il doppio la media Ue del 21%; anche Sicilia (40,9%) e Puglia (37,7%) risultano ben oltre la soglia critica del 33%.<\/p>\n","protected":false},"excerpt":{"rendered":"<p>\u00c8 quanto emerge dai dati diffusi da Eurostat relativi al 2024. La Calabria \u00e8 solo seconda a\u00a0Guyana francese per via di alto tasso di vulnerabilit\u00e0 <\/p>\n","protected":false},"author":90,"featured_media":269046,"comment_status":"closed","ping_status":"closed","sticky":false,"template":"","format":"standard","meta":{"_acf_changed":false,"footnotes":"","jetpack_publicize_message":"","jetpack_publicize_feature_enabled":true,"jetpack_social_post_already_shared":false,"jetpack_social_options":{"image_generator_settings":{"template":"highway","default_image_id":0,"font":"","enabled":false},"version":2}},"categories":[17],"tags":[],"class_list":["post-273171","post","type-post","status-publish","format-standard","has-post-thumbnail","hentry","category-calabria"],"acf":[],"jetpack_publicize_connections":[],"_links":{"self":[{"href":"https:\/\/quicosenza.it\/news\/wp-json\/wp\/v2\/posts\/273171","targetHints":{"allow":["GET"]}}],"collection":[{"href":"https:\/\/quicosenza.it\/news\/wp-json\/wp\/v2\/posts"}],"about":[{"href":"https:\/\/quicosenza.it\/news\/wp-json\/wp\/v2\/types\/post"}],"author":[{"embeddable":true,"href":"https:\/\/quicosenza.it\/news\/wp-json\/wp\/v2\/users\/90"}],"replies":[{"embeddable":true,"href":"https:\/\/quicosenza.it\/news\/wp-json\/wp\/v2\/comments?post=273171"}],"version-history":[{"count":0,"href":"https:\/\/quicosenza.it\/news\/wp-json\/wp\/v2\/posts\/273171\/revisions"}],"wp:featuredmedia":[{"embeddable":true,"href":"https:\/\/quicosenza.it\/news\/wp-json\/wp\/v2\/media\/269046"}],"wp:attachment":[{"href":"https:\/\/quicosenza.it\/news\/wp-json\/wp\/v2\/media?parent=273171"}],"wp:term":[{"taxonomy":"category","embeddable":true,"href":"https:\/\/quicosenza.it\/news\/wp-json\/wp\/v2\/categories?post=273171"},{"taxonomy":"post_tag","embeddable":true,"href":"https:\/\/quicosenza.it\/news\/wp-json\/wp\/v2\/tags?post=273171"}],"curies":[{"name":"wp","href":"https:\/\/api.w.org\/{rel}","templated":true}]}}