{"id":273173,"date":"2025-10-18T15:00:28","date_gmt":"2025-10-18T13:00:28","guid":{"rendered":"https:\/\/www.quicosenza.it\/news\/?p=273173"},"modified":"2025-10-18T15:01:46","modified_gmt":"2025-10-18T13:01:46","slug":"tis-verso-la-stabilizzazione-la-regione-accelera-le-procedure-e-chiede-collaborazione-ai-comuni","status":"publish","type":"post","link":"https:\/\/quicosenza.it\/news\/tis-verso-la-stabilizzazione-la-regione-accelera-le-procedure-e-chiede-collaborazione-ai-comuni\/","title":{"rendered":"Tis verso la stabilizzazione: la Regione accelera le procedure e chiede collaborazione ai Comuni"},"content":{"rendered":"<p>CATANZARO &#8211; \u201cUn <strong>passo decisivo<\/strong> per il <strong>futuro occupazionale di migliaia di calabresi<\/strong> e per la continuit\u00e0 dei servizi nei Comuni\u201d. Con queste parole l\u2019assessore regionale al Lavoro, <strong>Giovanni Calabrese <\/strong>ha commentato l\u2019avanzamento delle <strong>procedure di stabilizzazione dei Tirocinanti di inclusione sociale (Tis). <\/strong>Lo ha fatto nel corso del suo intervento alla presentazione del bilancio sociale dell\u2019Inps descrivendo quello che \u00e8 un\u00a0percorso che sta giungendo alla sua fase conclusiva grazie all\u2019impegno congiunto della Regione e degli Enti pubblici calabresi.<\/p>\n<p>La Regione Calabria, attraverso il dipartimento Lavoro, ha infatti<strong> completato tutte le fasi preparatorie<\/strong> per consentire ai Comuni e agli Enti ospitanti di procedere alle <strong>assunzioni dei tirocinanti,<\/strong> nel rispetto dell\u2019articolo 16 della Legge 56\/1987. \u201cSiamo <strong>entrati<\/strong> \u2013 ha proseguito l\u2019assessore \u2013 nella <strong>fase operativa<\/strong> di una misura che restituisce dignit\u00e0 e stabilit\u00e0 a lavoratrici e lavoratori che per anni hanno garantito servizi essenziali nei territori. La Regione sta mantenendo <strong>fede a un impegno assunto fin dall\u2019inizio della legislatura<\/strong>: trasformare un percorso di inclusione in una reale opportunit\u00e0 di lavoro stabile\u201d.<\/p>\n<h3>Tis verso la stabilizzazione: i prossimi step in campo<\/h3>\n<p>La Regione Calabria con il decreto dirigenziale n. 13040 del 16 settembre 2025, ha introdotto modifiche sostanziali alle tempistiche di avviamento a selezione, dimezzando i termini della procedura prevista dalla normativa. Parallelamente, \u00e8 stata attivata una piattaforma digitale per la gestione informatizzata delle richieste di avvio a selezione da parte delle Pubbliche Amministrazioni, semplificando l\u2019iter e garantendo trasparenza e tracciabilit\u00e0.<\/p>\n<p>Inoltre, nei prossimi giorni sar\u00e0 adottato il decreto che accerta e impegna le risorse a valere sul PR Calabria FESR FSE+ 2021\/2027, destinate a sostenere economicamente gli Enti pubblici che procederanno con le assunzioni. Il <strong>contributo regionale<\/strong> ammonta a <strong>54.000 euro<\/strong> per ciascun tirocinante stabilizzato a tempo indeterminato, articolato in due quote: 25.200 euro a valere sul PR FESR FSE+ 2021\/2027, erogati in un\u2019unica soluzione; fino a 28.800 euro a valere sull\u2019Azione 8.5.1 del POC 2014-2020, in fase di definizione con apposita convenzione. Il contributo sar\u00e0 proporzionato all\u2019orario di lavoro, riconoscendo l\u2019impegno anche per i contratti part-time.<\/p>\n<h3>Cosa devono fare i Comuni: l&#8217;appello di Calabrese<\/h3>\n<p>I <strong>Comuni<\/strong> che hanno completato gli adempimenti amministrativi sono ora chiamati ad <strong>attivare tempestivamente la richiesta di avvio a selezione<\/strong> sulla piattaforma regionale. Sono esentati, per il momento, soltanto le amministrazioni comunali in attesa di autorizzazione da parte della Commissione per la stabilit\u00e0 finanziaria degli Enti locali (Cosfel). \u201cAbbiamo costruito un percorso \u2013 ha rimarcato Calabrese \u2013 che coniuga legalit\u00e0, efficienza amministrativa e tutela del lavoro. Adesso serve la piena collaborazione dei Comuni, perch\u00e9 solo completando le procedure di selezione potremo garantire continuit\u00e0 ai servizi e futuro ai lavoratori. Una soluzione ponte come concordato con il presidente Occhiuto, per dare continuit\u00e0 ai tirocinanti che prestano attivit\u00e0 presso i comuni che hanno aderito alla stabilizzazione&#8221;.<\/p>\n<p>&#8220;Considerato l\u2019approssimarsi della conclusione della quinta annualit\u00e0 dei tirocini, la Regione sta valutando la possibilit\u00e0 di una soluzione ponte di due mesi che consenta la prosecuzione temporanea delle attivit\u00e0 esclusivamente presso gli Enti che hanno gi\u00e0 presentato la richiesta di avvio a selezione, in attesa del completamento delle assunzioni. La stabilizzazione dei Tis \u00e8 una misura di giustizia sociale, ma anche un investimento nella capacit\u00e0 amministrativa dei nostri Comuni \u2013 ha concluso l\u2019assessore Calabrese \u2013. Continueremo a lavorare con rigore e responsabilit\u00e0 per portare a termine questo processo, nel rispetto dei tempi e delle regole\u201d.<\/p>\n","protected":false},"excerpt":{"rendered":"<p>L\u2019assessore regionale al Lavoro, Giovanni Calabrese ha spiegato i prossimi step operativi e ha parlato di &#8220;un passo decisivo per il futuro occupazionale di migliaia di calabresi&#8221;<\/p>\n","protected":false},"author":90,"featured_media":273174,"comment_status":"closed","ping_status":"closed","sticky":false,"template":"","format":"standard","meta":{"_acf_changed":false,"footnotes":"","jetpack_publicize_message":"","jetpack_publicize_feature_enabled":true,"jetpack_social_post_already_shared":false,"jetpack_social_options":{"image_generator_settings":{"template":"highway","default_image_id":0,"font":"","enabled":false},"version":2}},"categories":[17],"tags":[],"class_list":["post-273173","post","type-post","status-publish","format-standard","has-post-thumbnail","hentry","category-calabria"],"acf":[],"jetpack_publicize_connections":[],"_links":{"self":[{"href":"https:\/\/quicosenza.it\/news\/wp-json\/wp\/v2\/posts\/273173","targetHints":{"allow":["GET"]}}],"collection":[{"href":"https:\/\/quicosenza.it\/news\/wp-json\/wp\/v2\/posts"}],"about":[{"href":"https:\/\/quicosenza.it\/news\/wp-json\/wp\/v2\/types\/post"}],"author":[{"embeddable":true,"href":"https:\/\/quicosenza.it\/news\/wp-json\/wp\/v2\/users\/90"}],"replies":[{"embeddable":true,"href":"https:\/\/quicosenza.it\/news\/wp-json\/wp\/v2\/comments?post=273173"}],"version-history":[{"count":0,"href":"https:\/\/quicosenza.it\/news\/wp-json\/wp\/v2\/posts\/273173\/revisions"}],"wp:featuredmedia":[{"embeddable":true,"href":"https:\/\/quicosenza.it\/news\/wp-json\/wp\/v2\/media\/273174"}],"wp:attachment":[{"href":"https:\/\/quicosenza.it\/news\/wp-json\/wp\/v2\/media?parent=273173"}],"wp:term":[{"taxonomy":"category","embeddable":true,"href":"https:\/\/quicosenza.it\/news\/wp-json\/wp\/v2\/categories?post=273173"},{"taxonomy":"post_tag","embeddable":true,"href":"https:\/\/quicosenza.it\/news\/wp-json\/wp\/v2\/tags?post=273173"}],"curies":[{"name":"wp","href":"https:\/\/api.w.org\/{rel}","templated":true}]}}