{"id":273181,"date":"2025-10-18T17:20:31","date_gmt":"2025-10-18T15:20:31","guid":{"rendered":"https:\/\/www.quicosenza.it\/news\/?p=273181"},"modified":"2025-10-18T17:01:55","modified_gmt":"2025-10-18T15:01:55","slug":"bus-fantasma-minasi-controbatte-a-falcomata-pensi-ai-problemi-che-lascia-alla-citta","status":"publish","type":"post","link":"https:\/\/quicosenza.it\/news\/bus-fantasma-minasi-controbatte-a-falcomata-pensi-ai-problemi-che-lascia-alla-citta\/","title":{"rendered":"&#8220;Bus fantasma&#8221;, Minasi controbatte a Falcomat\u00e0: \u00abPensi ai problemi che lascia alla citt\u00e0\u00bb"},"content":{"rendered":"<p>COSENZA &#8211; \u00abLeggo le <a href=\"https:\/\/quicosenza.it\/news\/i-nuovi-busitalia-a-due-piani-presentati-a-cosenza-fermi-in-un-deposito-si-viaggia-su-un-minibus\/\" target=\"_blank\" rel=\"noopener\"><strong>accuse che Giuseppe Falcomat\u00e0<\/strong><\/a> rivolge al Ministro Salvini e ai candidati alle regionali del centrodestra, che \u2013 secondo quanto riportato da Piazzapulita su presunti <strong>&#8220;bus fantasma&#8221;<\/strong> \u2013 si sarebbero prestati all'&#8221;ennesima pantomima consumata sulle speranze e le necessit\u00e0 dei calabresi&#8221; e avrebbero fatto una &#8220;propaganda&#8221; che &#8220;offende e umilia una terra che ha disperatamente bisogno di un sistema di trasporto efficiente in grado di unirla, concretamente, al resto del Paese&#8221;. Ebbene, l&#8217;unico che fa propaganda, usando strumentalmente un servizio televisivo anch&#8217;esso fazioso e pieno di disinformazione e notizie false, \u00e8 proprio il Sindaco di Reggio. Che, peraltro, anzich\u00e9 fare il Sindaco, <strong>si allena gi\u00e0 a fare il consigliere regionale d&#8217;opposizione.<\/strong> Pensi, piuttosto a <strong>lavorare per la citt\u00e0,<\/strong> cosa che non ha fatto finora. E si informi meglio sugli argomenti che va a commentare, pensando di colpire i suoi avversari\u00bb. Parole dure quelle usate dalla senatrice della Lega <strong>Tilde Minasi<\/strong> in risposta a quanto affermato dal sindaco reggino Falcomat\u00e0 che ha commentato il servizio andato in onda nella trasmissione di Piazzapulita su La7, senza perdere l&#8217;occasione per criticare l&#8217;operato del Ministro ai Trasporti Matteo Salvini e del centrodestra.<\/p>\n<p>\u00abFalcomat\u00e0 non \u00e8 ancora neppure certo di aver conquistato lo scranno a Palazzo Campanella \u2013 continua la Senatrice \u2013 ma <strong>gi\u00e0 parla come se fosse seduto in Consiglio Regionale,<\/strong> <strong>dimenticando totalmente il suo ruolo di sindaco.<\/strong> Si preoccupi, piuttosto, di tutti i problemi che non ha risolto per la sua e nostra citt\u00e0 e che lascia in eredit\u00e0 al suo successore. Anche ieri sui giornali reggini c&#8217;era una lunga lista di<strong> incompiute e di situazioni di immobilismo<\/strong> che fanno capo alla sua lunga amministrazione, ma lui si affretta a criticare il leader della Lega peraltro per notizie destituite da ogni fondamento e strumentali\u00bb.<\/p>\n<h3>&#8220;Bus fantasma&#8221;, Minasi a Falcomat\u00e0: \u00abRingraziare Salvini\u00bb<\/h3>\n<p>\u00abDovrebbe, piuttosto, <strong>ringraziare<\/strong> chi, come <strong>Matteo Salvini,<\/strong> ha sbloccato l&#8217;operativit\u00e0 dell&#8217;<strong>aeroporto reggino<\/strong> \u2013 dice ancora Minasi \u2013 consentendo alla citt\u00e0 di &#8220;decollare&#8221; finalmente, ha finanziato e sbloccato i progetti per la <strong>Statale 106 jonica<\/strong>, anche nel tratto reggino, ha prescritto, per l&#8217;<strong>alta velocit\u00e0<\/strong> da realizzare, il tragitto pi\u00f9 breve e diretto da Salerno a Reggio Calabria, ha convogliato altri finanziamenti importanti sui nostri<strong> porti e le nostre strade<\/strong>, insomma ha lavorato, per Reggio e per la Calabria, come mai nessuno prima. Compresi i &#8220;bus fantasma&#8221;, che fantasma non lo sono affatto\u00bb.<\/p>\n<p>\u00abDei 111 previsti, infatti, non tutti naturalmente saranno destinati alla nostra Regione, come ampiamente spiegato da Busitalia, la societ\u00e0 titolare dei mezzi. E <strong>quelli per la Calabria sono in parte gi\u00e0 in servizio.<\/strong> Quindi su che cosa si fondano le accuse? \u2013 si chiede la senatrice \u2013 La &#8220;vergogna inaudita&#8221;, per usare ancora le parole del sindaco, \u00e8 in realt\u00e0 di chi, come lui, sembra <strong>godere nel boicottare le cose belle<\/strong> che questo Governo sta dando al nostro territorio. Come il Ponte sullo Stretto e tutte le altre infrastrutture che collegando Reggio e la Calabria in modo finalmente rapido ed efficiente al resto d&#8217;Italia, permetteranno alla nostra terra \u2013 conclude \u2013 di avere lo sviluppo finora solo promesso e che attende da decenni\u00bb.<\/p>\n","protected":false},"excerpt":{"rendered":"<p>Parole dure quelle dalla senatrice della Lega in risposta a quanto affermato dal sindaco reggino in merito al servizio di Piazzapulita su La7: &#8220;Lunga lista di incompiute e di situazioni di immobilismo&#8221;<\/p>\n","protected":false},"author":90,"featured_media":273182,"comment_status":"closed","ping_status":"closed","sticky":false,"template":"","format":"standard","meta":{"_acf_changed":false,"footnotes":"","jetpack_publicize_message":"","jetpack_publicize_feature_enabled":true,"jetpack_social_post_already_shared":false,"jetpack_social_options":{"image_generator_settings":{"template":"highway","default_image_id":0,"font":"","enabled":false},"version":2}},"categories":[17],"tags":[],"class_list":["post-273181","post","type-post","status-publish","format-standard","has-post-thumbnail","hentry","category-calabria"],"acf":[],"jetpack_publicize_connections":[],"_links":{"self":[{"href":"https:\/\/quicosenza.it\/news\/wp-json\/wp\/v2\/posts\/273181","targetHints":{"allow":["GET"]}}],"collection":[{"href":"https:\/\/quicosenza.it\/news\/wp-json\/wp\/v2\/posts"}],"about":[{"href":"https:\/\/quicosenza.it\/news\/wp-json\/wp\/v2\/types\/post"}],"author":[{"embeddable":true,"href":"https:\/\/quicosenza.it\/news\/wp-json\/wp\/v2\/users\/90"}],"replies":[{"embeddable":true,"href":"https:\/\/quicosenza.it\/news\/wp-json\/wp\/v2\/comments?post=273181"}],"version-history":[{"count":0,"href":"https:\/\/quicosenza.it\/news\/wp-json\/wp\/v2\/posts\/273181\/revisions"}],"wp:featuredmedia":[{"embeddable":true,"href":"https:\/\/quicosenza.it\/news\/wp-json\/wp\/v2\/media\/273182"}],"wp:attachment":[{"href":"https:\/\/quicosenza.it\/news\/wp-json\/wp\/v2\/media?parent=273181"}],"wp:term":[{"taxonomy":"category","embeddable":true,"href":"https:\/\/quicosenza.it\/news\/wp-json\/wp\/v2\/categories?post=273181"},{"taxonomy":"post_tag","embeddable":true,"href":"https:\/\/quicosenza.it\/news\/wp-json\/wp\/v2\/tags?post=273181"}],"curies":[{"name":"wp","href":"https:\/\/api.w.org\/{rel}","templated":true}]}}