{"id":273464,"date":"2025-10-26T14:00:31","date_gmt":"2025-10-26T13:00:31","guid":{"rendered":"https:\/\/www.quicosenza.it\/news\/?p=273464"},"modified":"2025-10-26T14:59:50","modified_gmt":"2025-10-26T13:59:50","slug":"minori-maltrattati-in-italia-laumento-e-del-58-in-cinque-anni-in-calo-gli-abusi-sessuali","status":"publish","type":"post","link":"https:\/\/quicosenza.it\/news\/minori-maltrattati-in-italia-laumento-e-del-58-in-cinque-anni-in-calo-gli-abusi-sessuali\/","title":{"rendered":"Minori maltrattati: in Italia l\u2019aumento \u00e8 del 58% in cinque anni. In calo gli abusi sessuali"},"content":{"rendered":"<p>ROMA &#8211; In cinque anni, dal 2018 al 2023, \u00e8 aumentato del 58% il numero dei minori presi in carico dai servizi sociali per maltrattamento. E&#8217; uno dei dati che emerge dalla terza <strong><a href=\"https:\/\/www.garanteinfanzia.org\/sites\/default\/files\/2025-06\/iii-indagine-maltrattamento.pdf\" rel=\"noopener\">Indagine<\/a> sul maltrattamento dei bambini e degli adolescenti in Italia<\/strong>, commissionata dall&#8217;Autorit\u00e0 garante per l&#8217;infanzia e l&#8217;adolescenza a <strong>Cismai e Terre des Hommes<\/strong>. Il report \u00e8 stato presentato a Firenze nel corso del convegno sul maltrattamento infantile e la condizione degli orfani di femminicidio, organizzato da <strong>Artemisia.<\/strong><\/p>\n<p>Su <strong>374.310 minorenni<\/strong> in carico ai servizi sociali, <strong>113.892 sono vittime di maltrattamento<\/strong>, quota passata dal 19,3% del 2018 al 30,4% nel 2023; da 193 a 304 minori ogni 1000 abitanti, con un incremento del 58%. <strong>Non c&#8217;\u00e8 differenza di genere<\/strong>: il\u00a051% sono maschi e il 49% femmine, nell&#8217;87% dei casi i responsabili sono in famiglia.<\/p>\n<p>&#8220;I <strong>tipi di maltrattamento<\/strong> che vengono maggiormente riconosciuti dai servizi &#8211; spiega Marianna Giordano, presidente del Cismai &#8211; riguardano il <strong>neglect<\/strong>, cio\u00e8 la <strong>trascuratezza educativa, fisica ed emotiva-relazionale<\/strong>, che supera il 37% dei casi, poi al 34% il fenomeno delle bambine e dei bambini che assistono alla violenza contro le madri&#8221;.\u00a0I numeri sono in aumento, specifica, &#8220;soprattutto perch\u00e9 c&#8217;\u00e8 una <strong>maggiore formazione degli operatori<\/strong> e quindi una maggiore capacit\u00e0 di riconoscere&#8221; i maltrattamenti.<\/p>\n<p><img loading=\"lazy\" decoding=\"async\" class=\" wp-image-149277 aligncenter\" src=\"https:\/\/quicosenza.it\/news\/wp-content\/uploads\/2022\/12\/abusi-su-minori.jpg\" alt=\"abusi su minori\" width=\"440\" height=\"302\" title=\"\" srcset=\"https:\/\/quicosenza.it\/news\/wp-content\/uploads\/2022\/12\/abusi-su-minori.jpg 875w, https:\/\/quicosenza.it\/news\/wp-content\/uploads\/2022\/12\/abusi-su-minori-300x206.jpg 300w, https:\/\/quicosenza.it\/news\/wp-content\/uploads\/2022\/12\/abusi-su-minori-768x527.jpg 768w\" sizes=\"auto, (max-width: 440px) 100vw, 440px\" \/><\/p>\n<h3>Abusi sessuali in diminuzione<\/h3>\n<p>A seguire ci sono <strong>violenza psicologica<\/strong> (12%) <strong>maltrattamento fisico<\/strong> (11%), <strong>patologia delle cure<\/strong> (4%) e <strong>abuso sessuale<\/strong> (2%), unico dato in diminuzione. Per ogni tipologia le percentuali tra maschi e femmine risultano bilanciate, tranne l&#8217;abuso sessuale, dove il 77% riguarda bambine e ragazze. A <strong>livello geografico<\/strong> si registra un <strong>forte squilibrio<\/strong>: 51 minori ogni 1000 presi in carico a nord ovest e 49 a nord est, 39 nel centro e 32 nel sud.<\/p>\n<p>I maltrattamenti emergono man mano che avanza l&#8217;et\u00e0, appena il 18% nella fascia da 0-5 anni, contro il 50% tra 11 e 17 anni e il 32% tra 6-10; l&#8217;obiettivo, \u00e8 stato spiegato presentando il report, &#8220;\u00e8 invertire queste proporzioni per poter intervenire subito&#8221;. La segnalazione ai servizi nel 52% dei casi arriva dall&#8217;autorit\u00e0 giudiziaria, quindi scuola con il 14% e il 12% dalla famiglia.<\/p>\n","protected":false},"excerpt":{"rendered":"<p>Nell\u201987% dei casi il responsabile \u00e8 un familiare. I servizi sociali segnalano una crescita costante del fenomeno. A livello geografico si registra un forte squilibrio<\/p>\n","protected":false},"author":42,"featured_media":252118,"comment_status":"closed","ping_status":"closed","sticky":false,"template":"","format":"standard","meta":{"_acf_changed":false,"footnotes":"","jetpack_publicize_message":"","jetpack_publicize_feature_enabled":true,"jetpack_social_post_already_shared":false,"jetpack_social_options":{"image_generator_settings":{"template":"highway","default_image_id":0,"font":"","enabled":false},"version":2}},"categories":[16],"tags":[],"class_list":["post-273464","post","type-post","status-publish","format-standard","has-post-thumbnail","hentry","category-italia"],"acf":[],"jetpack_publicize_connections":[],"_links":{"self":[{"href":"https:\/\/quicosenza.it\/news\/wp-json\/wp\/v2\/posts\/273464","targetHints":{"allow":["GET"]}}],"collection":[{"href":"https:\/\/quicosenza.it\/news\/wp-json\/wp\/v2\/posts"}],"about":[{"href":"https:\/\/quicosenza.it\/news\/wp-json\/wp\/v2\/types\/post"}],"author":[{"embeddable":true,"href":"https:\/\/quicosenza.it\/news\/wp-json\/wp\/v2\/users\/42"}],"replies":[{"embeddable":true,"href":"https:\/\/quicosenza.it\/news\/wp-json\/wp\/v2\/comments?post=273464"}],"version-history":[{"count":0,"href":"https:\/\/quicosenza.it\/news\/wp-json\/wp\/v2\/posts\/273464\/revisions"}],"wp:featuredmedia":[{"embeddable":true,"href":"https:\/\/quicosenza.it\/news\/wp-json\/wp\/v2\/media\/252118"}],"wp:attachment":[{"href":"https:\/\/quicosenza.it\/news\/wp-json\/wp\/v2\/media?parent=273464"}],"wp:term":[{"taxonomy":"category","embeddable":true,"href":"https:\/\/quicosenza.it\/news\/wp-json\/wp\/v2\/categories?post=273464"},{"taxonomy":"post_tag","embeddable":true,"href":"https:\/\/quicosenza.it\/news\/wp-json\/wp\/v2\/tags?post=273464"}],"curies":[{"name":"wp","href":"https:\/\/api.w.org\/{rel}","templated":true}]}}