{"id":273920,"date":"2025-10-27T14:30:02","date_gmt":"2025-10-27T13:30:02","guid":{"rendered":"https:\/\/www.quicosenza.it\/news\/?p=273920"},"modified":"2025-10-27T14:44:44","modified_gmt":"2025-10-27T13:44:44","slug":"cosenza-graziadio-tinto-e-trecroci-il-pd-sconfitto-lasci-spazio-al-cambiamento","status":"publish","type":"post","link":"https:\/\/quicosenza.it\/news\/cosenza-graziadio-tinto-e-trecroci-il-pd-sconfitto-lasci-spazio-al-cambiamento\/","title":{"rendered":"Cosenza: Graziadio, Tinto e Trecroci \u00abil Pd sconfitto lasci spazio al cambiamento\u00bb"},"content":{"rendered":"<p>COSENZA &#8211; Una replica rivolta ad \u201cuna parte\u201d del <strong>Pd di Cosenza<\/strong>. \u00abLeggiamo con stupore di un documento che chiederebbe al sindaco di Cosenza, Franz Caruso, di effettuare un \u201ctagliando\u201d alla sua amministrazione\u00bb. Cos\u00ec Francesco Graziadio, Gianfranco Tinto e Aldo Trecroci, esponenti del movimento Democrazia e Partecipazione.<\/p>\n<p>\u00abSi tratta \u2013 scrivono \u2013 della stessa parte che \u00e8 stata sconfitta prima dagli iscritti, nel congresso provinciale, e poi dagli elettori alle ultime Regionali. Quella che ha diretto il Pd per decenni trascinandolo dal 30% a percentuali modestissime, e oggi si permette di dire a <a href=\"https:\/\/quicosenza.it\/news\/cosenza-verso-il-rimpasto-di-giunta-il-pd-di-adamo-allassalto-nel-mirino-battaglia-e-covelli\/\">Franz Caruso<\/a> come deve incardinare la sua azione amministrativa negli ultimi 18 mesi di lavoro\u00bb.<\/p>\n<p>\u00abAi perdenti si addice il silenzio. Non il silenzio della censura, ma quello della presa di coscienza dei propri limiti e del tramonto di un\u2019esperienza politica durata fin troppo a lungo\u00bb. Sui prossimi passi del sindaco, i tre consiglieri chiariscono: \u00abCaruso metter\u00e0 mano alla giunta con pochi ritocchi, come anticipato, e lo far\u00e0 secondo il protocollo istituzionale, ascoltando i segretari provinciali dei partiti. Nel nostro caso sar\u00e0 Matteo Lettieri a condividere con lui le riflessioni del Pd. Altre figure non sono invitate n\u00e9 gradite\u00bb.<\/p>\n<p>\u00abSiamo francamente stufi \u2013 aggiungono \u2013 delle continue fibrillazioni che questa parte del Pd infligge alla comunit\u00e0 politica di una citt\u00e0 che \u00e8 sempre stata esempio di equilibrio e civilt\u00e0. Tanta rozzezza nei toni \u00e8 forse comprensibile, ma non giustificabile\u00bb. Graziadio, Tinto e Trecroci chiudono con una metafora che lascia poco spazio all\u2019interpretazione: \u00abIl vento del cambiamento ha iniziato a soffiare forte e tentare di fermarlo con le mani \u00e8 solo un gioco che piace ai bambini\u00bb.<\/p>\n","protected":false},"excerpt":{"rendered":"<p>I tre esponenti di Democrazia e Partecipazione rispondono al documento di una parte del Pd che chiede un \u201ctagliando\u201d alla giunta Caruso: \u201cChi ha portato il partito al declino oggi non pu\u00f2 salire in cattedra\u201d<\/p>\n","protected":false},"author":42,"featured_media":234879,"comment_status":"closed","ping_status":"closed","sticky":false,"template":"","format":"standard","meta":{"_acf_changed":false,"footnotes":"","jetpack_publicize_message":"","jetpack_publicize_feature_enabled":true,"jetpack_social_post_already_shared":false,"jetpack_social_options":{"image_generator_settings":{"template":"highway","default_image_id":0,"font":"","enabled":false},"version":2}},"categories":[563,42],"tags":[],"class_list":["post-273920","post","type-post","status-publish","format-standard","has-post-thumbnail","hentry","category-area-urbana","category-cosenza"],"acf":[],"jetpack_publicize_connections":[],"_links":{"self":[{"href":"https:\/\/quicosenza.it\/news\/wp-json\/wp\/v2\/posts\/273920","targetHints":{"allow":["GET"]}}],"collection":[{"href":"https:\/\/quicosenza.it\/news\/wp-json\/wp\/v2\/posts"}],"about":[{"href":"https:\/\/quicosenza.it\/news\/wp-json\/wp\/v2\/types\/post"}],"author":[{"embeddable":true,"href":"https:\/\/quicosenza.it\/news\/wp-json\/wp\/v2\/users\/42"}],"replies":[{"embeddable":true,"href":"https:\/\/quicosenza.it\/news\/wp-json\/wp\/v2\/comments?post=273920"}],"version-history":[{"count":0,"href":"https:\/\/quicosenza.it\/news\/wp-json\/wp\/v2\/posts\/273920\/revisions"}],"wp:featuredmedia":[{"embeddable":true,"href":"https:\/\/quicosenza.it\/news\/wp-json\/wp\/v2\/media\/234879"}],"wp:attachment":[{"href":"https:\/\/quicosenza.it\/news\/wp-json\/wp\/v2\/media?parent=273920"}],"wp:term":[{"taxonomy":"category","embeddable":true,"href":"https:\/\/quicosenza.it\/news\/wp-json\/wp\/v2\/categories?post=273920"},{"taxonomy":"post_tag","embeddable":true,"href":"https:\/\/quicosenza.it\/news\/wp-json\/wp\/v2\/tags?post=273920"}],"curies":[{"name":"wp","href":"https:\/\/api.w.org\/{rel}","templated":true}]}}