{"id":274016,"date":"2025-10-30T09:00:06","date_gmt":"2025-10-30T08:00:06","guid":{"rendered":"https:\/\/www.quicosenza.it\/news\/?p=274016"},"modified":"2025-10-30T06:57:07","modified_gmt":"2025-10-30T05:57:07","slug":"cosenza-allarchivio-di-stato-al-via-la-mostra-telesio-e-la-citta","status":"publish","type":"post","link":"https:\/\/quicosenza.it\/news\/cosenza-allarchivio-di-stato-al-via-la-mostra-telesio-e-la-citta\/","title":{"rendered":"Cosenza, all&#8217;archivio di Stato al via la mostra \u201cTelesio e la citt\u00e0\u201d"},"content":{"rendered":"<p>COSENZA &#8211; L&#8217;<strong>archivio di Stato di Cosenza<\/strong> in collaborazione con la <strong>Civitas Solis Cosenza &#8211; APS<\/strong>, promotrice della Biennale di Filosofia 2025\u20132026, organizza per <strong>domani, venerd\u00ec 31 ottobre,<\/strong> <strong>\u201cTelesio e la citt\u00e0\u201d,<\/strong> un\u2019importante iniziativa culturale <strong>dedicata a Bernardino Telesio,<\/strong> tra i pi\u00f9 influenti filosofi del Rinascimento e figura simbolo della citt\u00e0 di Cosenza. La mostra, <strong>aperta dalle 9 fino alle 21,<\/strong> vuole testimoniare la presenza e l&#8217;influenza di Telesio nella vita culturale e politica della citt\u00e0<\/p>\n<div class=\"v1elementToProof\">Attraverso i <strong>documenti<\/strong> del Cinquecento e i <strong>dialoghi filosofici<\/strong>, i visitatori saranno accompagnati in un percorso che intreccia memoria storica, ricerca e valorizzazione del patrimonio archivistico. L\u2019iniziativa intende offrire alla cittadinanza, alle scuole e al mondo accademico un\u2019occasione di riflessione collettiva sul ruolo di Telesio nel pensiero moderno. La mostra sar\u00e0 <strong>aperta fino al 24 dicembre<\/strong> dal luned\u00ec al venerd\u00ec dalle 9 alle 13 e luned\u00ec e mercoled\u00ec dalle 15 alle 16.30.<\/div>\n<h3><strong>PROGRAMMA DELLA GIORNATA<\/strong><\/h3>\n<p><strong>Ore 9:00 \u2013 Apertura ufficiale<\/strong><\/p>\n<ul>\n<li>Saluti istituzionali a cura della Direttrice, <strong>dott.ssa Maria Spadafora<\/strong><\/li>\n<li>Presentazione della mostra e del percorso espositivo dedicato a Bernardino Telesio<\/li>\n<li>Introduce e conduce il <strong>dott. Luigi Gallo<\/strong><\/li>\n<\/ul>\n<p><strong>Ore 10:00 \u2013 Dialoghi filosofici (sessione mattutina)<\/strong><\/p>\n<ul>\n<li><strong>Roberto Bond\u00ec<\/strong> \u2013 Docente UniCal<\/li>\n<li><strong>Luigi Bilotto<\/strong> \u2013 Storico<\/li>\n<li><strong>Riccardo Barberi<\/strong> \u2013 Docente UniCal<\/li>\n<\/ul>\n<p><strong>Ore 13:00 \u2013 Fine sessione mattutina<\/strong><\/p>\n<p><strong>Ore 16:30 \u2013 Dialoghi filosofici (sessione pomeridiana)<\/strong><\/p>\n<ul>\n<li><strong>Antonio Romeo<\/strong> \u2013 Docente<\/li>\n<li><strong>Dell\u00ec Fabiano<\/strong> \u2013 Docente UniCal<\/li>\n<li><strong>Mimmo T\u00e0lia<\/strong> \u2013 Docente UniCal<\/li>\n<\/ul>\n<p><strong>18:30 \u2013 Esibizione musicale<\/strong><br \/>\nUn momento artistico per chiudere la giornata:<\/p>\n<ul>\n<li><strong>Chiara De Carlo<\/strong> \u2013 Soprano<\/li>\n<li><strong>Pietro De Rose<\/strong> \u2013 Baritono<\/li>\n<li><strong>Maria Chiara Maiolino<\/strong> \u2013 Soprano<\/li>\n<li><strong>Fabio Napoletani<\/strong> \u2013 Tenore<\/li>\n<li><strong>Luigi Sassone<\/strong> \u2013 Pianoforte<\/li>\n<\/ul>\n<p><img loading=\"lazy\" decoding=\"async\" class=\"aligncenter wp-image-274019 \" src=\"https:\/\/quicosenza.it\/news\/wp-content\/uploads\/2025\/10\/Locandina-Telesio-e-la-citta-724x1024.jpg\" alt=\"Mostra Telesio e la citt\u00e0\" width=\"533\" height=\"754\" title=\"\" srcset=\"https:\/\/quicosenza.it\/news\/wp-content\/uploads\/2025\/10\/Locandina-Telesio-e-la-citta-724x1024.jpg 724w, https:\/\/quicosenza.it\/news\/wp-content\/uploads\/2025\/10\/Locandina-Telesio-e-la-citta-212x300.jpg 212w, https:\/\/quicosenza.it\/news\/wp-content\/uploads\/2025\/10\/Locandina-Telesio-e-la-citta-768x1086.jpg 768w, https:\/\/quicosenza.it\/news\/wp-content\/uploads\/2025\/10\/Locandina-Telesio-e-la-citta-1086x1536.jpg 1086w, https:\/\/quicosenza.it\/news\/wp-content\/uploads\/2025\/10\/Locandina-Telesio-e-la-citta.jpg 1414w\" sizes=\"auto, (max-width: 533px) 100vw, 533px\" \/><\/p>\n<h3>Mostra \u201cTelesio e la citt\u00e0\u201d: come diventare mecenate della cultura<\/h3>\n<p>In occasione dell\u2019inaugurazione e per tutto il periodo della mostra sar\u00e0 possibile <strong>sostenere le attivit\u00e0 di valorizzazione dell\u2019archivio<\/strong> attraverso <strong>una donazione libera<\/strong> presso il totem dedicato collocato all\u2019ingresso della mostra. Con un semplice gesto si potr\u00e0 contribuire alla tutela e promozione del patrimonio documentario cittadino, diventare <strong>mecenati della cultura e <\/strong>beneficiare delle <strong>agevolazioni fiscali previste per le donazioni culturali<\/strong>, che sono <strong>interamente detraibili dalle tasse<\/strong> secondo la normativa vigente.<\/p>\n<h3>Il prossimo appuntamento: date e orario<\/h3>\n<p>Il prossimo appuntamento in citt\u00e0 della rassegna\u00a0\u201cTelesio in citt\u00e0\u201d \u00e8 previsto per <strong>il 4 dicembre 2025<\/strong>, dalle ore 9 alle 20 con una giornata di d<strong>ialoghi filosofici e letture poetiche<\/strong>, accompagnate da <strong>musica classica dal vivo<\/strong>, per continuare a riflettere sull\u2019eredit\u00e0 culturale di Bernardino Telesio e sul ruolo di Cosenza come citt\u00e0 del pensiero.<\/p>\n<p>L\u2019iniziativa rientra nel programma di valorizzazione dell\u2019archivio di Stato di Cosenza e intende rafforzare il dialogo tra <strong>memoria storica e pensiero contemporaneo<\/strong>, coinvolgendo la comunit\u00e0 in un progetto culturale condiviso e sostenibile.<\/p>\n","protected":false},"excerpt":{"rendered":"<p>Da domani un\u2019importante iniziativa culturale dedicata a Bernardino Telesio, tra i pi\u00f9 influenti filosofi del Rinascimento e figura simbolo della citt\u00e0 di Cosenza <\/p>\n","protected":false},"author":90,"featured_media":256770,"comment_status":"closed","ping_status":"closed","sticky":false,"template":"","format":"standard","meta":{"_acf_changed":false,"footnotes":"","jetpack_publicize_message":"","jetpack_publicize_feature_enabled":true,"jetpack_social_post_already_shared":false,"jetpack_social_options":{"image_generator_settings":{"template":"highway","default_image_id":0,"font":"","enabled":false},"version":2}},"categories":[563,42],"tags":[],"class_list":["post-274016","post","type-post","status-publish","format-standard","has-post-thumbnail","hentry","category-area-urbana","category-cosenza"],"acf":[],"jetpack_publicize_connections":[],"_links":{"self":[{"href":"https:\/\/quicosenza.it\/news\/wp-json\/wp\/v2\/posts\/274016","targetHints":{"allow":["GET"]}}],"collection":[{"href":"https:\/\/quicosenza.it\/news\/wp-json\/wp\/v2\/posts"}],"about":[{"href":"https:\/\/quicosenza.it\/news\/wp-json\/wp\/v2\/types\/post"}],"author":[{"embeddable":true,"href":"https:\/\/quicosenza.it\/news\/wp-json\/wp\/v2\/users\/90"}],"replies":[{"embeddable":true,"href":"https:\/\/quicosenza.it\/news\/wp-json\/wp\/v2\/comments?post=274016"}],"version-history":[{"count":0,"href":"https:\/\/quicosenza.it\/news\/wp-json\/wp\/v2\/posts\/274016\/revisions"}],"wp:featuredmedia":[{"embeddable":true,"href":"https:\/\/quicosenza.it\/news\/wp-json\/wp\/v2\/media\/256770"}],"wp:attachment":[{"href":"https:\/\/quicosenza.it\/news\/wp-json\/wp\/v2\/media?parent=274016"}],"wp:term":[{"taxonomy":"category","embeddable":true,"href":"https:\/\/quicosenza.it\/news\/wp-json\/wp\/v2\/categories?post=274016"},{"taxonomy":"post_tag","embeddable":true,"href":"https:\/\/quicosenza.it\/news\/wp-json\/wp\/v2\/tags?post=274016"}],"curies":[{"name":"wp","href":"https:\/\/api.w.org\/{rel}","templated":true}]}}