{"id":274811,"date":"2025-11-09T12:58:35","date_gmt":"2025-11-09T11:58:35","guid":{"rendered":"https:\/\/www.quicosenza.it\/news\/?p=274811"},"modified":"2025-11-09T12:31:46","modified_gmt":"2025-11-09T11:31:46","slug":"alleati-per-crescere-un-progetto-per-famiglie-e-scuola-per-due-istituti-a-cosenza-e-bisignano","status":"publish","type":"post","link":"https:\/\/quicosenza.it\/news\/alleati-per-crescere-un-progetto-per-famiglie-e-scuola-per-due-istituti-a-cosenza-e-bisignano\/","title":{"rendered":"\u201cAlleati per crescere\u201d, un progetto per famiglie e scuola per due istituti a Cosenza e Bisignano"},"content":{"rendered":"<p>COSENZA \u2013 Anche la Calabria accoglie il progetto \u201cAlleati per crescere\u201d, promosso dal Forum Nazionale delle Associazioni Familiari per rafforzare l\u2019alleanza educativa tra scuola e famiglia. In <strong>provincia di Cosenza<\/strong> saranno coinvolti <strong>due istituti<\/strong> scolastici: <strong>IIS \u201cEnzo Siciliano\u201d di Bisignano,<\/strong> guidato dal Dirigente Scolastico Raffaele Carucci, punto di riferimento per la formazione degli studenti delle scuole superiori del territorio e <strong>l\u2019Istituto Comprensivo \u201cDon Milani &#8211; Aprigliano\u201d<\/strong> di <strong>Cosenza<\/strong>, diretto dalla Dirigente Scolastica Immacolata Cairo, da anni impegnato nella promozione di un\u2019educazione inclusiva e partecipata. Entrambi gli istituti hanno accolto con entusiasmo il progetto, riconoscendone il valore culturale e pedagogico in un contesto sociale sempre pi\u00f9 complesso e frammentato.<\/p>\n<h3>Il progetto<\/h3>\n<p>Prevede <strong>cinque incontri<\/strong> formativi rivolti a docenti e genitori, incentrati su temi attuali e urgenti come l\u2019uso consapevole delle <strong>tecnologie<\/strong>, il <strong>benessere psicologico<\/strong> degli adolescenti, <strong>l\u2019ascolto delle emozioni<\/strong>, il ruolo della <strong>comunit\u00e0 educante e la corresponsabilit\u00e0 educativa<\/strong>. Gli incontri saranno condotti da <strong>esperti<\/strong> del mondo educativo e psicopedagogico, sotto il coordinamento della dott.ssa Silvana Sita, presidente AIMC Calabria. Il taglio sar\u00e0 pratico e interattivo, con l\u2019obiettivo di fornire strumenti utili per rafforzare il patto educativo tra scuola e famiglia. Momento culminante del percorso sar\u00e0 la stesura di un nuovo <strong>Patto di Corresponsabilit\u00e0<\/strong> da parte di ciascun istituto coinvolto. Non un documento burocratico, ma un impegno concreto, frutto del dialogo tra docenti, famiglie e dirigenti, che riconosca diritti, doveri e obiettivi comuni per accompagnare i ragazzi nella loro crescita.<\/p>\n<p>L\u2019iniziativa \u00e8 il frutto della collaborazione tra Forum Famiglie Calabria presieduto da Claudio Venditti e AIMC Calabria, realt\u00e0 da anni impegnate nel costruire una cultura educativa basata sul dialogo, la partecipazione e il senso di comunit\u00e0. \u201cAlleati per crescere\u201d non \u00e8 un titolo, ma una visione concreta di scuola aperta, in cui famiglie e insegnanti collaborano per accompagnare insieme le nuove generazioni. In Calabria, questo cammino \u00e8 appena iniziato e rappresenta un investimento educativo che unisce famiglie e scuole perch\u00e9 solo insieme si pu\u00f2 costruire il futuro dei ragazzi.<\/p>\n<p>&nbsp;<\/p>\n","protected":false},"excerpt":{"rendered":"<p>Promosso dal Forum Famiglie e AIMC il progetto \u201calleati per crescere\u201d prevede cinque incontri formativi rivolti a docenti e genitori<\/p>\n","protected":false},"author":42,"featured_media":274812,"comment_status":"closed","ping_status":"closed","sticky":false,"template":"","format":"standard","meta":{"_acf_changed":false,"footnotes":"","jetpack_publicize_message":"","jetpack_publicize_feature_enabled":true,"jetpack_social_post_already_shared":false,"jetpack_social_options":{"image_generator_settings":{"template":"highway","default_image_id":0,"font":"","enabled":false},"version":2}},"categories":[563,42],"tags":[],"class_list":["post-274811","post","type-post","status-publish","format-standard","has-post-thumbnail","hentry","category-area-urbana","category-cosenza"],"acf":[],"jetpack_publicize_connections":[],"_links":{"self":[{"href":"https:\/\/quicosenza.it\/news\/wp-json\/wp\/v2\/posts\/274811","targetHints":{"allow":["GET"]}}],"collection":[{"href":"https:\/\/quicosenza.it\/news\/wp-json\/wp\/v2\/posts"}],"about":[{"href":"https:\/\/quicosenza.it\/news\/wp-json\/wp\/v2\/types\/post"}],"author":[{"embeddable":true,"href":"https:\/\/quicosenza.it\/news\/wp-json\/wp\/v2\/users\/42"}],"replies":[{"embeddable":true,"href":"https:\/\/quicosenza.it\/news\/wp-json\/wp\/v2\/comments?post=274811"}],"version-history":[{"count":0,"href":"https:\/\/quicosenza.it\/news\/wp-json\/wp\/v2\/posts\/274811\/revisions"}],"wp:featuredmedia":[{"embeddable":true,"href":"https:\/\/quicosenza.it\/news\/wp-json\/wp\/v2\/media\/274812"}],"wp:attachment":[{"href":"https:\/\/quicosenza.it\/news\/wp-json\/wp\/v2\/media?parent=274811"}],"wp:term":[{"taxonomy":"category","embeddable":true,"href":"https:\/\/quicosenza.it\/news\/wp-json\/wp\/v2\/categories?post=274811"},{"taxonomy":"post_tag","embeddable":true,"href":"https:\/\/quicosenza.it\/news\/wp-json\/wp\/v2\/tags?post=274811"}],"curies":[{"name":"wp","href":"https:\/\/api.w.org\/{rel}","templated":true}]}}