{"id":274837,"date":"2025-11-06T08:21:02","date_gmt":"2025-11-06T07:21:02","guid":{"rendered":"https:\/\/www.quicosenza.it\/news\/?p=274837"},"modified":"2025-11-06T08:21:40","modified_gmt":"2025-11-06T07:21:40","slug":"il-caso-del-bimbo-nella-colonia-a-cetraro-lavvocato-strappato-alla-madre-non-e-una-famiglia-disagiata","status":"publish","type":"post","link":"https:\/\/quicosenza.it\/news\/il-caso-del-bimbo-nella-colonia-a-cetraro-lavvocato-strappato-alla-madre-non-e-una-famiglia-disagiata\/","title":{"rendered":"Il caso del bimbo nella Colonia a Cetraro, l&#8217;avvocato \u00abstrappato alla madre, non \u00e8 una famiglia disagiata\u00bb"},"content":{"rendered":"<p>CETRARO (CS) &#8211;\u00a0 Un caso molto delicato quello del <strong>bimbo di 8 anni<\/strong> che si trova nella struttura di Cetraro dove, luned\u00ec scorso sono andati i <a href=\"https:\/\/quicosenza.it\/news\/presunte-violenze-ai-danni-di-un-bambino-in-casa-famiglia-a-cetraro-intervengono-i-carabinieri\/\">carabinieri<\/a> per accertarsi delle condizioni in cui vive il piccolo. Poco dopo, la nostra redazione ha ricevuto una nota dall&#8217;assessore alle Politiche Sociali del Comune di Cetraro, <a href=\"https:\/\/quicosenza.it\/news\/cetraro-presunte-violenze-ad-un-bambino-comune-piena-fiducia-nelloperato-delle-autorita-competenti\/\">Falbo<\/a>, alla quale oggi, ha <strong>inteso rispondere l&#8217;avvocato Vincenzo Montone<\/strong>, difensore della madre nonch\u00e9 prozio dello stesso bambino, che ritiene necessario fare qualche puntualizzazione.<\/p>\n<h3>&#8220;Il bimbo vive in un contesto di amore, nessun disagio familiare&#8221;<\/h3>\n<p>\u00abNoi abbiamo <strong>profondo rispetto<\/strong> per tutte le strutture che offrono il necessario sostegno a quei bambini, che provengono da situazioni di disagio familiare, e quindi anche per la struttura Colonia San Benedetto. Ma<strong> il caso del bambino che ci riguarda \u00e8 a s\u00e9,<\/strong> e posso dire con assoluta certezza che <strong>egli non proviene da una famiglia con disagi.<\/strong> <strong>Vive in un contesto familiare dove \u00e8 amato e adorato<\/strong>. Il &#8220;collocamento&#8221; del bambino \u00e8 conseguenza di una relazione del Servizio Sociale di San Marco Argentano (che non conosciamo nel suo esatto e completo contenuto perch\u00e9 &#8220;secretata&#8221;), che &#8211; secondo quanto afferma l&#8217;avvocato Montone &#8211; sicuramente \u00e8 stata &#8220;confezionata&#8221; dalla Scuola, prescindendo dalla realt\u00e0, in modo che avesse tutti i requisiti necessari a indurre il PM presso il Tribunale dei Minori di Catanzaro a chiedere al Tribunale un provvedimento di allontanamento del bambino dalla Scuola di San Marco Argentano, essendo questa incapace di gestire la &#8220;problematica&#8221; del bambino in questione\u00bb.<\/p>\n<p>Il bimbo, spiega l&#8217;avvocato Montone, &#8220;\u00e8 <strong>portatore di <a href=\"https:\/\/quicosenza.it\/news\/bimbo-di-san-marco-argentano-finisce-in-casa-famiglia-la-mamma-disperata-non-spegnete-il-suo-sorriso\/\">ADHD<\/a><\/strong>, che \u00e8 cio\u00e8 una <strong>neuro-divergenza<\/strong>\u00a0e altres\u00ec <strong>incapace e a provvedere alla istruzione al sereno<\/strong> <strong>svolgersi dello sviluppo intellettivo del bambino<\/strong>, non avendo essa \u2014 e neppure il Servizio Sociale affidatario \u2014 <strong>mai predisposto e attuato un Piano Educativo Individualizzato e non essendosi mai voluta dotare di un insegnante specializzato\u00bb<\/strong>.<\/p>\n<h3>Il farmaco Medikinet, contraria anche la pediatra<\/h3>\n<p>\u00abL&#8217;asserita &#8216;opposizione&#8217; della mamma a somministrare un farmaco (Medikinet) al bambino, a cui <strong>\u00e8 contraria anche la pediatra<\/strong> proprio per gli <strong>effetti negativi<\/strong> precedentemente riscontrati, <strong>\u00e8 pura favola,<\/strong> ed \u00e8 stato solo il <strong>pretesto per allontanare il bambino dalla Scuola. <\/strong>Mai si potr\u00e0 giustificare la &#8216;<strong>lacerazione&#8217; interiore che gli \u00e8 stata praticata<\/strong>, e che sar\u00e0 <strong>foriera di ulteriori danni<\/strong>, proprio perch\u00e9 la <strong>peculiarit\u00e0 del piccolo si supporta anche con la presenza della mamma accanto al bambino<\/strong>. E invece \u00e8 stato a lei strappato\u00bb.<\/p>\n<p>&#8220;All&#8217;udienza svoltasi lo scorso 29 settembre 2026, davanti ad un Giudice onorario per la conferma del provvedimento del Tribunale che ha collocato il bambino nella struttura di Cetraro, noi <strong>abbiamo contestato il provvedimento<\/strong>, ma abbiamo voluto assumere una posizione &#8220;<strong>attendista<\/strong>&#8220;: sia perch\u00e9 nella Scuola di San Marco il bambino era emarginato, isolato&#8230; (come sar\u00e0 dimostrato in dettagliata denuncia), e non si pu\u00f2 stare in Paradiso, a dispetto dei Santi&#8230;&#8221;; sia perch\u00e9 abbiamo coltivato &#8211; spiega &#8211; la <strong>speranza che nella nuova struttura<\/strong>, il <strong>bambino avesse forse trovato quello che aveva stabilito il Tribunale<\/strong> e che il Servizio Sociale di San Marco aveva omesso,<strong> cio\u00e8 il Piano Educativo Individuale (PEI<\/strong>), da fare eseguire ovviamente da insegnante specializzato. E abbiamo altres\u00ec coltivato la speranza che il bambino avesse trovato almeno quella &#8220;<strong>struttura specialistica a valenza sanitaria&#8221;<\/strong> che il Tribunale aveva previsto nel caso in cui il PEI, ovviamente con <strong>maestro specializzato<\/strong>, &#8220;si fosse rivelato non risolutivo&#8221; (cito il decreto del Tribunale). E fosse stato almeno rispettato\u00bb.<\/p>\n<h3>La struttura non \u00e8 specializzata<\/h3>\n<p>\u00abAbbiamo appreso, invece, che la <strong>struttura non \u00e8 &#8220;specializzata&#8221; e non \u00e8 &#8220;a valenza sanitaria<\/strong>&#8220;: che in essa vi opera un&#8217;altra Organizzazione (e non le Suore) e che la stessa si occupa del bambino in questione. Il bambino &#8211; spiega l&#8217;avvocato Montone &#8211; viene condotto la mattina nella <strong>scuola pubblica di Cetraro<\/strong>, anch&#8217;essa <strong>non dotata di alcun insegnante specializzato.\u00a0<\/strong> Inoltre il bimbo, \u00e8 l&#8217;unico di 8 anni e tutti gli altri sono di et\u00e0 compresa tra i 14 e i 18 anni\u00bb. L&#8217;avvocato precisa che \u00abviene spesso picchiato da un ragazzo pi\u00f9 grande\u00bb e che \u00abil bambino e i ragazzi pi\u00f9 grandi vivono in modo promiscuo con gravi rischi facilmente immaginabili\u00bb.<\/p>\n<p><img loading=\"lazy\" decoding=\"async\" class=\" wp-image-270996 aligncenter\" src=\"https:\/\/quicosenza.it\/news\/wp-content\/uploads\/2025\/09\/centro-san-benedetto-cetraro-minori.jpg\" alt=\"\" width=\"509\" height=\"314\" title=\"\" srcset=\"https:\/\/quicosenza.it\/news\/wp-content\/uploads\/2025\/09\/centro-san-benedetto-cetraro-minori.jpg 972w, https:\/\/quicosenza.it\/news\/wp-content\/uploads\/2025\/09\/centro-san-benedetto-cetraro-minori-300x185.jpg 300w, https:\/\/quicosenza.it\/news\/wp-content\/uploads\/2025\/09\/centro-san-benedetto-cetraro-minori-768x474.jpg 768w, https:\/\/quicosenza.it\/news\/wp-content\/uploads\/2025\/09\/centro-san-benedetto-cetraro-minori-680x420.jpg 680w, https:\/\/quicosenza.it\/news\/wp-content\/uploads\/2025\/09\/centro-san-benedetto-cetraro-minori-150x93.jpg 150w, https:\/\/quicosenza.it\/news\/wp-content\/uploads\/2025\/09\/centro-san-benedetto-cetraro-minori-696x430.jpg 696w, https:\/\/quicosenza.it\/news\/wp-content\/uploads\/2025\/09\/centro-san-benedetto-cetraro-minori-356x220.jpg 356w\" sizes=\"auto, (max-width: 509px) 100vw, 509px\" \/><\/p>\n<p>\u00abIn sostanza, e con <strong>rispetto<\/strong> per la <strong>struttura<\/strong>, v&#8217;\u00e8 da dire che essa <strong>non \u00e8 idonea al caso del bambino in questione<\/strong>, che certamente fa opera meritoria perch\u00e9 socialmente utile, con l&#8217;auspicio che eviti la promiscuit\u00e0 e <strong>assicuri sicurezza e tranquillit\u00e0 ai pi\u00f9 deboli,<\/strong> perch\u00e9 <strong>non vengano picchiati dai pi\u00f9 grandi\u00bb<\/strong>.<\/p>\n<h3>L&#8217;avvocato \u00abtemo che il bambino sia caduto dalla padella alla brace\u00bb<\/h3>\n<p>Per il legale della famiglia del bimbo \u00abil Servizio Sociale di San Marco, anzich\u00e9 costringere la Scuola a dotarsi di un insegnante specializzato e pagarlo con i relativi fondi assegnati, ha preferito invece pagare per il bambino una retta alla detta struttura, (gli ultimi Euro 14.400,00 sono stati pagati dal Comune di San Marco alla struttura di recente)\u00bb. Rivolgendosi pertanto all&#8217;assessore Falbo, l&#8217;avvocato Montone chiede \u00abtrova ci\u00f2 giusto e saggio? E se ci\u00f2 avviene in ossequio ad una Convenzione esistente tra Comune di San Marco e la struttura di Cetraro, non Le sembra che anche in questa vicenda c&#8217;\u00e8 qualche cosa che non quadra? Sono d&#8217;accordo con Lei, siamo fiduciosi che chi \u00e8 a ci\u00f2 deputato, <strong>faccia gli opportuni accertamenti, anche sotto il profilo degli interessi personali dei soggetti coinvolti\u00bb.<\/strong><\/p>\n","protected":false},"excerpt":{"rendered":"<p>L\u2019avvocato Vincenzo Montone, difensore e prozio del minore, replica alla note dell\u2019Assessore alle Politiche Sociali di Cetraro: \u201cIl bambino non proviene da una famiglia disagiata. \u00c8 stato sottratto alla madre e collocato in una struttura non idonea. Chiediamo verifiche\u201d<\/p>\n","protected":false},"author":21,"featured_media":271001,"comment_status":"closed","ping_status":"closed","sticky":false,"template":"","format":"standard","meta":{"_acf_changed":false,"footnotes":"","jetpack_publicize_message":"","jetpack_publicize_feature_enabled":true,"jetpack_social_post_already_shared":false,"jetpack_social_options":{"image_generator_settings":{"template":"highway","default_image_id":0,"font":"","enabled":false},"version":2}},"categories":[576],"tags":[],"class_list":["post-274837","post","type-post","status-publish","format-standard","has-post-thumbnail","hentry","category-tirreno"],"acf":[],"jetpack_publicize_connections":[],"_links":{"self":[{"href":"https:\/\/quicosenza.it\/news\/wp-json\/wp\/v2\/posts\/274837","targetHints":{"allow":["GET"]}}],"collection":[{"href":"https:\/\/quicosenza.it\/news\/wp-json\/wp\/v2\/posts"}],"about":[{"href":"https:\/\/quicosenza.it\/news\/wp-json\/wp\/v2\/types\/post"}],"author":[{"embeddable":true,"href":"https:\/\/quicosenza.it\/news\/wp-json\/wp\/v2\/users\/21"}],"replies":[{"embeddable":true,"href":"https:\/\/quicosenza.it\/news\/wp-json\/wp\/v2\/comments?post=274837"}],"version-history":[{"count":0,"href":"https:\/\/quicosenza.it\/news\/wp-json\/wp\/v2\/posts\/274837\/revisions"}],"wp:featuredmedia":[{"embeddable":true,"href":"https:\/\/quicosenza.it\/news\/wp-json\/wp\/v2\/media\/271001"}],"wp:attachment":[{"href":"https:\/\/quicosenza.it\/news\/wp-json\/wp\/v2\/media?parent=274837"}],"wp:term":[{"taxonomy":"category","embeddable":true,"href":"https:\/\/quicosenza.it\/news\/wp-json\/wp\/v2\/categories?post=274837"},{"taxonomy":"post_tag","embeddable":true,"href":"https:\/\/quicosenza.it\/news\/wp-json\/wp\/v2\/tags?post=274837"}],"curies":[{"name":"wp","href":"https:\/\/api.w.org\/{rel}","templated":true}]}}