{"id":274905,"date":"2025-11-22T08:00:09","date_gmt":"2025-11-22T07:00:09","guid":{"rendered":"https:\/\/www.quicosenza.it\/news\/?p=274905"},"modified":"2025-11-20T20:43:05","modified_gmt":"2025-11-20T19:43:05","slug":"eureka-2025-a-rende-dibattiti-confronti-unical","status":"publish","type":"post","link":"https:\/\/quicosenza.it\/news\/eureka-2025-a-rende-dibattiti-confronti-unical\/","title":{"rendered":"Eureka 2025 fa tappa a Rende: dibattiti e confronti all&#8217;Unical con la scuola di formazione politica di +Europa"},"content":{"rendered":"<p>RENDE &#8211; <strong>Eureka 2025 arriva in Calabria<\/strong> e per la precisione a <strong>Rende<\/strong>.\u00a0<strong>Venerd\u00ec 28 novembre,<\/strong> infatti, presso &#8220;Il Cubo&#8221; dell&#8217;Universit\u00e0 della Calabria si terr\u00e0 la tappa calabrese della <strong>scuola di formazione politica promossa da +Europa.<\/strong> Una giornata rivolta a <strong>giovani, attivisti, studenti, amministratori locali e cittadine e cittadini<\/strong> interessati a comprendere e partecipare attivamente al futuro dell&#8217;Unione Europea.\u00a0 L&#8217;evento \u00e8 gratuito, ma i posti sono limitati a un massimo di quaranta partecipanti. Le iscrizioni sono aperte e vanno <a href=\"https:\/\/www.piueuropa.eu\/eureka\" target=\"_blank\" rel=\"noopener\">effettuate online<\/a>.<\/p>\n<h3>Eureka il laboratorio itinerante<\/h3>\n<p>Eureka 2025 \u00e8 un <strong>laboratorio politico itinerante<\/strong> che attraversa l&#8217;Italia in tre tappe e si concluder\u00e0 con una convention nazionale. Il percorso si propone di affrontare le fragilit\u00e0 strutturali dell&#8217;Unione Europea, l&#8217;attacco crescente ai sistemi democratici e la necessit\u00e0 di rilanciare l&#8217;idea di una Costituzione europea: per un&#8217;Europa pi\u00f9 giusta, integrata e vicina ai territori.<\/p>\n<p>La giornata di Rende sar\u00e0 un&#8217;occasione di <strong>confronto con esperti, rappresentanti istituzionali e dirigenti politici<\/strong> provenienti da tutta Europa. Tra gli ospiti confermati: <strong>Riccardo Magi,<\/strong> parlamentare e segretario di +Europa, <strong>Antonella Soldo<\/strong>, vice segretaria +Europa e presidente di &#8220;Meglio Legale&#8221;, <strong>Yoko Alender,<\/strong> ministra dell&#8217;Ambiente dell&#8217;Estonia, <strong>Ines Holzegger,<\/strong> presidente della rete giovanile liberale europea LYMEC, e <strong>Fabio Signoretta<\/strong>, dirigente nazionale di +Europa e Sindaco di Jonadi.<\/p>\n<p>Cosa non funziona pi\u00f9 in Europa? Quali riforme sono necessarie per ritrovare la giusta direzione? E soprattutto: siamo pronti a costruire insieme un nuovo progetto europeista, pi\u00f9 forte, pi\u00f9 democratico, pi\u00f9 vicino ai cittadini? Sono queste le domande che animeranno il dibattito della tappa calabrese.\u00a0L&#8217;obiettivo \u00e8 quello di mettere in discussione l&#8217;attuale assetto dell&#8217;Unione, evidenziarne le contraddizioni e <strong>aprire una riflessione collettiva<\/strong> e costruttiva sul futuro del progetto europeo. \u00abQuesta Europa non ci basta \u2013 si legge nel manifesto dell&#8217;iniziativa \u2013 ed \u00e8 arrivato il momento di costruire tutta quella che manca\u00bb.<\/p>\n","protected":false},"excerpt":{"rendered":"<p>Sar\u00e0 una giornata rivolta a giovani, attivisti, studenti, amministratori locali e cittadini. Un&#8217;occasione di confronto con esperti, rappresentanti istituzionali e dirigenti politici<\/p>\n","protected":false},"author":90,"featured_media":274909,"comment_status":"closed","ping_status":"closed","sticky":false,"template":"","format":"standard","meta":{"_acf_changed":false,"footnotes":"","jetpack_publicize_message":"","jetpack_publicize_feature_enabled":true,"jetpack_social_post_already_shared":false,"jetpack_social_options":{"image_generator_settings":{"template":"highway","default_image_id":0,"font":"","enabled":false},"version":2}},"categories":[563,44],"tags":[],"class_list":["post-274905","post","type-post","status-publish","format-standard","has-post-thumbnail","hentry","category-area-urbana","category-rende"],"acf":[],"jetpack_publicize_connections":[],"_links":{"self":[{"href":"https:\/\/quicosenza.it\/news\/wp-json\/wp\/v2\/posts\/274905","targetHints":{"allow":["GET"]}}],"collection":[{"href":"https:\/\/quicosenza.it\/news\/wp-json\/wp\/v2\/posts"}],"about":[{"href":"https:\/\/quicosenza.it\/news\/wp-json\/wp\/v2\/types\/post"}],"author":[{"embeddable":true,"href":"https:\/\/quicosenza.it\/news\/wp-json\/wp\/v2\/users\/90"}],"replies":[{"embeddable":true,"href":"https:\/\/quicosenza.it\/news\/wp-json\/wp\/v2\/comments?post=274905"}],"version-history":[{"count":0,"href":"https:\/\/quicosenza.it\/news\/wp-json\/wp\/v2\/posts\/274905\/revisions"}],"wp:featuredmedia":[{"embeddable":true,"href":"https:\/\/quicosenza.it\/news\/wp-json\/wp\/v2\/media\/274909"}],"wp:attachment":[{"href":"https:\/\/quicosenza.it\/news\/wp-json\/wp\/v2\/media?parent=274905"}],"wp:term":[{"taxonomy":"category","embeddable":true,"href":"https:\/\/quicosenza.it\/news\/wp-json\/wp\/v2\/categories?post=274905"},{"taxonomy":"post_tag","embeddable":true,"href":"https:\/\/quicosenza.it\/news\/wp-json\/wp\/v2\/tags?post=274905"}],"curies":[{"name":"wp","href":"https:\/\/api.w.org\/{rel}","templated":true}]}}