{"id":275056,"date":"2025-11-07T19:29:22","date_gmt":"2025-11-07T18:29:22","guid":{"rendered":"https:\/\/www.quicosenza.it\/news\/?p=275056"},"modified":"2025-11-07T19:29:22","modified_gmt":"2025-11-07T18:29:22","slug":"kilimangiaro-porta-in-tv-san-nicola-arcella-il-gioiello-del-tirreno-corre-per-il-borgo-dei-borghi","status":"publish","type":"post","link":"https:\/\/quicosenza.it\/news\/kilimangiaro-porta-in-tv-san-nicola-arcella-il-gioiello-del-tirreno-corre-per-il-borgo-dei-borghi\/","title":{"rendered":"Kilimangiaro porta in tv San Nicola Arcella: il gioiello del Tirreno corre per il Borgo dei Borghi"},"content":{"rendered":"<p>SAN NICOLA ARCELLA (CS) &#8211; La trasmissione televisiva <strong>Kilimangiaro<\/strong> propone il fascino di <strong>San Nicola Arcella<\/strong>. Vivere un momento di visibilit\u00e0 all&#8217;interno del panorama nazionale. <strong>Domenica 9 novembre 2025<\/strong> si potr\u00e0 ammirare la cittadina anche in <strong>tv<\/strong>. Uno scenario mozzafiato per un luogo che vuole essere protagonista fra le bellezze del territorio e le eccellenze locali da promuovere e far conoscere.<\/p>\n<p><img loading=\"lazy\" decoding=\"async\" class=\"aligncenter wp-image-275069 size-full\" src=\"https:\/\/quicosenza.it\/news\/wp-content\/uploads\/2025\/11\/Borgo-dei-Borghi-San-Nicola-Arcella-2025.jpg\" alt=\"\" width=\"970\" height=\"704\" title=\"\" srcset=\"https:\/\/quicosenza.it\/news\/wp-content\/uploads\/2025\/11\/Borgo-dei-Borghi-San-Nicola-Arcella-2025.jpg 970w, https:\/\/quicosenza.it\/news\/wp-content\/uploads\/2025\/11\/Borgo-dei-Borghi-San-Nicola-Arcella-2025-300x218.jpg 300w, https:\/\/quicosenza.it\/news\/wp-content\/uploads\/2025\/11\/Borgo-dei-Borghi-San-Nicola-Arcella-2025-768x557.jpg 768w\" sizes=\"auto, (max-width: 970px) 100vw, 970px\" \/><\/p>\n<p>Nel corso della puntata di <strong>Kilimangiaro<\/strong> (domenica 9 novembre, <strong>ore 16:45<\/strong>) sar\u00e0 dedicato uno spazio al borgo del Tirreno. Sar\u00e0 l&#8217;occasione per far conoscere la citt\u00e0 cosentina che parteciper\u00e0 alla competizione &#8220;<strong>Il Borgo dei Borghi<\/strong>&#8220;, contest televisivo che ogni anno celebra uno dei <strong>luoghi pi\u00f9 affascinanti d&#8217;Italia<\/strong>.<\/p>\n<h2>San Nicola Arcella in tv a Kilimangiaro<\/h2>\n<p data-start=\"202\" data-end=\"544\">Una nuova occasione per la <strong>Calabria<\/strong> che si prepara ad essere rappresentata dal caratteristico borgo che si affaccia sul <strong>Mar Tirreno<\/strong>. Raccontare la bellezza, la storia e il <strong>patrimonio culturale<\/strong> dell&#8217;intera regione. Per la Calabria si tratta di una rappresentanza importante: San Nicola Arcella sar\u00e0 infatti il borgo incaricato di raccontare la bellezza, la storia e il patrimonio culturale dell\u2019intera regione.<\/p>\n<p data-start=\"202\" data-end=\"544\">Un riconoscimento che riempie d\u2019orgoglio la comunit\u00e0 locale e che punta a valorizzare uno dei centri pi\u00f9 suggestivi del Tirreno cosentino.\u00a0Al momento le votazioni per sostenere il <strong>borgo<\/strong> non sono ancora attive, ma i telespettatori possono gi\u00e0 registrarsi su <strong>RaiPlay<\/strong> in vista della finale di stagione, quando sar\u00e0 possibile esprimere la propria <strong>preferenza<\/strong>.<\/p>\n<p data-start=\"202\" data-end=\"544\">Non resta che attendere l&#8217;<strong>apertura ufficiale del voto<\/strong> e intanto seguire la puntata in programma domenica 9 novembre 2025. La Calabria sar\u00e0 rappresentata all&#8217;interno di una vetrina televisiva fra le pi\u00f9 seguite del palinsesto <strong>Rai<\/strong>.\u00a0Dallo scorso 19 ottobre 2025 &#8211;\u00a0 <strong>per 20 settimane<\/strong> &#8211; \u00e8 partito il <strong>viaggio tra i borghi pi\u00f9 belli d\u2019Italia<\/strong> che si pu\u00f2 apprezzare all&#8217;interno della trasmissione <span class=\"html-span xdj266r x14z9mp xat24cr x1lziwak xexx8yu xyri2b x18d9i69 x1c1uobl x1hl2dhg x16tdsg8 x1vvkbs\"><span class=\"xt0psk2\"><span class=\"xjp7ctv\">Kilimangiaro.<\/span><\/span><\/span><\/p>\n","protected":false},"excerpt":{"rendered":"<p>La trasmissione condotta da Camila Raznovich parler\u00e0 della splendida San Nicola Arcella. Appuntamento domenica pomeriggio su Rai 3<\/p>\n","protected":false},"author":93,"featured_media":275071,"comment_status":"closed","ping_status":"closed","sticky":false,"template":"","format":"standard","meta":{"_acf_changed":false,"footnotes":"","jetpack_publicize_message":"","jetpack_publicize_feature_enabled":true,"jetpack_social_post_already_shared":false,"jetpack_social_options":{"image_generator_settings":{"template":"highway","default_image_id":0,"font":"","enabled":false},"version":2}},"categories":[576],"tags":[],"class_list":["post-275056","post","type-post","status-publish","format-standard","has-post-thumbnail","hentry","category-tirreno"],"acf":[],"jetpack_publicize_connections":[],"_links":{"self":[{"href":"https:\/\/quicosenza.it\/news\/wp-json\/wp\/v2\/posts\/275056","targetHints":{"allow":["GET"]}}],"collection":[{"href":"https:\/\/quicosenza.it\/news\/wp-json\/wp\/v2\/posts"}],"about":[{"href":"https:\/\/quicosenza.it\/news\/wp-json\/wp\/v2\/types\/post"}],"author":[{"embeddable":true,"href":"https:\/\/quicosenza.it\/news\/wp-json\/wp\/v2\/users\/93"}],"replies":[{"embeddable":true,"href":"https:\/\/quicosenza.it\/news\/wp-json\/wp\/v2\/comments?post=275056"}],"version-history":[{"count":0,"href":"https:\/\/quicosenza.it\/news\/wp-json\/wp\/v2\/posts\/275056\/revisions"}],"wp:featuredmedia":[{"embeddable":true,"href":"https:\/\/quicosenza.it\/news\/wp-json\/wp\/v2\/media\/275071"}],"wp:attachment":[{"href":"https:\/\/quicosenza.it\/news\/wp-json\/wp\/v2\/media?parent=275056"}],"wp:term":[{"taxonomy":"category","embeddable":true,"href":"https:\/\/quicosenza.it\/news\/wp-json\/wp\/v2\/categories?post=275056"},{"taxonomy":"post_tag","embeddable":true,"href":"https:\/\/quicosenza.it\/news\/wp-json\/wp\/v2\/tags?post=275056"}],"curies":[{"name":"wp","href":"https:\/\/api.w.org\/{rel}","templated":true}]}}