{"id":275111,"date":"2025-11-08T16:45:53","date_gmt":"2025-11-08T15:45:53","guid":{"rendered":"https:\/\/www.quicosenza.it\/news\/?p=275111"},"modified":"2025-11-08T16:45:53","modified_gmt":"2025-11-08T15:45:53","slug":"il-sindaco-caruso-denuncia-av-salerno-reggio-sparita-dai-piani-ue-fino-al-2050","status":"publish","type":"post","link":"https:\/\/quicosenza.it\/news\/il-sindaco-caruso-denuncia-av-salerno-reggio-sparita-dai-piani-ue-fino-al-2050\/","title":{"rendered":"Il sindaco Caruso denuncia: \u00abAV Salerno\u2013Reggio sparita dai piani UE fino al 2050\u00bb"},"content":{"rendered":"<p>COSENZA &#8211; &#8220;Oggi abbiamo l&#8217;ennesima conferma di ci\u00f2 che denunciamo da oltre un anno, insieme al Comitato tecnico-politico per l&#8217;Alta Velocit\u00e0 Salerno\u2013Reggio Calabria: <strong>il nostro territorio regionale, purtroppo, non sar\u00e0 attraversato dall&#8217;Alta Velocit\u00e0 ferroviaria almeno fino al 2050<\/strong>. \u00c8 un fatto grave, che dimostra come il centrodestra alla guida del Paese e della nostra Regione stia portando avanti una politica di veri e propri scippi ai danni del Mezzogiorno e della Calabria. Ci stanno rubando il futuro&#8221;.<\/p>\n<p>Lo afferma il <strong>sindaco Franz Caruso,<\/strong> che prosegue: &#8220;L&#8217;ambiguit\u00e0 che ha accompagnato il percorso dell&#8217;AV in Calabria \u00e8 stata evidente sin dall&#8217;inizio: con un colpo di mano, \u00e8 stato <strong>cancellato il tracciato dorsale originario,<\/strong> quello consigliato da uno studio di fattibilit\u00e0 \u2014 costato 35 milioni di euro &#8211; che oggi viene trattato come &#8220;carta straccia. A questo sono seguiti atti ibridi e contraddittori da parte del Governo Meloni e del Ministro Salvini: fondi dirottati, un presunto nuovo progetto esecutivo, un cronoprogramma di cui non si trova traccia. Tutto questo mentre il<strong> Governatore Occhiuto ha preferito restare in silenzio<\/strong>, tradendo le aspettative della Calabria e dei calabresi. Oggi la conferma arriva dai documenti ufficiali dell&#8217;Unione Europea: la tratta Salerno\u2013Reggio Calabria, pi\u00f9 volte dichiarata &#8220;prioritaria&#8221; dallo stesso Governo italiano, non compare nei corridoi transfrontalieri europei inseriti nel Piano per l&#8217;Alta Velocit\u00e0, presentato dal vicepresidente della Commissione, Raffaele Fitto.<\/p>\n<p>E non \u00e8 tutto: <strong>nel video ufficiale diffuso dalla Commissione UE anche il Ponte sullo Stretto ricompare solo nella programmazione al 2050<\/strong>. Una nuova vera beffa, se pensiamo che il Ministro Salvini continua a prometterne la realizzazione entro il 2032&#8243;.<\/p>\n<p>&#8220;L&#8217;Alta Velocit\u00e0 Salerno\u2013Reggio Calabria \u2013 conclude Franz Caruso &#8211; non \u00e8 solo un&#8217;infrastruttura ferroviaria, ma <strong>un&#8217;opera fondamentale per la crescita della Calabria,<\/strong> del Mezzogiorno e dell&#8217;intero Paese. Rinunciarvi significa condannare il Sud all&#8217;isolamento e alla marginalit\u00e0 per i prossimi decenni. Per questo rivolgo un appello sincero a tutti gli amministratori calabresi e meridionali, al di l\u00e0 di ogni appartenenza politica: uniamoci, facciamo fronte comune. Il futuro delle nostre comunit\u00e0 non pu\u00f2 essere sacrificato per logiche di partito.<br \/>\nLa battaglia per l&#8217;Alta Velocit\u00e0 nel Sud \u00e8 una battaglia di civilt\u00e0, di dignit\u00e0 e di sviluppo. Difendiamola insieme&#8221;.<\/p>\n","protected":false},"excerpt":{"rendered":"<p>&#8220;Rivolgo un appello sincero a tutti gli amministratori calabresi e meridionali, al di l\u00e0 di ogni appartenenza politica: uniamoci, facciamo fronte comune&#8221;, dichiara il primo cittadino di Cosenza<\/p>\n","protected":false},"author":58,"featured_media":218608,"comment_status":"closed","ping_status":"closed","sticky":false,"template":"","format":"standard","meta":{"_acf_changed":false,"footnotes":"","jetpack_publicize_message":"","jetpack_publicize_feature_enabled":true,"jetpack_social_post_already_shared":false,"jetpack_social_options":{"image_generator_settings":{"template":"highway","default_image_id":0,"font":"","enabled":false},"version":2}},"categories":[563,42],"tags":[],"class_list":["post-275111","post","type-post","status-publish","format-standard","has-post-thumbnail","hentry","category-area-urbana","category-cosenza"],"acf":[],"jetpack_publicize_connections":[],"_links":{"self":[{"href":"https:\/\/quicosenza.it\/news\/wp-json\/wp\/v2\/posts\/275111","targetHints":{"allow":["GET"]}}],"collection":[{"href":"https:\/\/quicosenza.it\/news\/wp-json\/wp\/v2\/posts"}],"about":[{"href":"https:\/\/quicosenza.it\/news\/wp-json\/wp\/v2\/types\/post"}],"author":[{"embeddable":true,"href":"https:\/\/quicosenza.it\/news\/wp-json\/wp\/v2\/users\/58"}],"replies":[{"embeddable":true,"href":"https:\/\/quicosenza.it\/news\/wp-json\/wp\/v2\/comments?post=275111"}],"version-history":[{"count":0,"href":"https:\/\/quicosenza.it\/news\/wp-json\/wp\/v2\/posts\/275111\/revisions"}],"wp:featuredmedia":[{"embeddable":true,"href":"https:\/\/quicosenza.it\/news\/wp-json\/wp\/v2\/media\/218608"}],"wp:attachment":[{"href":"https:\/\/quicosenza.it\/news\/wp-json\/wp\/v2\/media?parent=275111"}],"wp:term":[{"taxonomy":"category","embeddable":true,"href":"https:\/\/quicosenza.it\/news\/wp-json\/wp\/v2\/categories?post=275111"},{"taxonomy":"post_tag","embeddable":true,"href":"https:\/\/quicosenza.it\/news\/wp-json\/wp\/v2\/tags?post=275111"}],"curies":[{"name":"wp","href":"https:\/\/api.w.org\/{rel}","templated":true}]}}