{"id":275138,"date":"2025-11-12T09:30:19","date_gmt":"2025-11-12T08:30:19","guid":{"rendered":"https:\/\/www.quicosenza.it\/news\/?p=275138"},"modified":"2025-11-12T08:42:48","modified_gmt":"2025-11-12T07:42:48","slug":"carolei-testimoni-senza-tempo-di-una-staffetta-damore-comunita-arcadinoe-porta-sul-palco-laccoglienza","status":"publish","type":"post","link":"https:\/\/quicosenza.it\/news\/carolei-testimoni-senza-tempo-di-una-staffetta-damore-comunita-arcadinoe-porta-sul-palco-laccoglienza\/","title":{"rendered":"Carolei: \u201cTestimoni senza tempo di una staffetta d\u2019amore\u201d: Comunit\u00e0 Arcadino\u00e8 porta sul palco l\u2019accoglienza"},"content":{"rendered":"<p>RENDE &#8211; La Comunit\u00e0 <strong>Arcadino\u00e8<\/strong> di Vadue di <strong>Carolei<\/strong> porter\u00e0 in scena \u201c<strong>Testimoni senza tempo di una staffetta d\u2019amore\u201d il 14 e 15 novembre<\/strong> al Palacultura Giovanni Paolo II di Rende. Un titolo poetico, profondo, quasi enigmatico per un appuntamento che vuole essere pi\u00f9 di uno spettacolo: un momento di condivisione, riflessione e testimonianza viva.<\/p>\n<p>L\u2019idea nasce dal desiderio di raccontare la storia di <strong>Suor Elisa Miceli<\/strong>, una donna che ha saputo <strong>trasformare la sua vita in un segno concreto di amore e dedizione verso gli ultimi<\/strong>. Una \u201cpersona speciale\u201d, spiegano gli organizzatori, capace di dare spazio, dignit\u00e0 e visibilit\u00e0 a chi spesso resta ai margini. Perch\u00e9, come ricordano, \u201cultimo \u00e8 la fragilit\u00e0 che ognuno di noi porta dentro di s\u00e9\u201d.<\/p>\n<p>Il messaggio che la Comunit\u00e0 <a href=\"https:\/\/quicosenza.it\/news\/lalbero-delle-noci-il-videoclip-di-brunori-con-la-figlia-girato-allarcadinoe-di-carolei-video\/\">Arcadino\u00e8<\/a> intende trasmettere \u00e8 universale e senza tempo: essere \u201c<strong>testimoni\u201d significa cogliere e tramandare quella sensibilit\u00e0 che attraversa generazioni, religioni e condizioni sociali<\/strong>. \u00c8 un invito a riconoscere la fragilit\u00e0 come parte della nostra umanit\u00e0 condivisa, e a costruire, insieme, una \u201ccomunit\u00e0 vivente\u201d, dove accoglienza e solidariet\u00e0 diventano forma di vita quotidiana.\u00a0\u201cSaliremo sul palco \u2013 scrivono Antonio Franca e Samuele Ponti \u2013 per testimoniare che abbiamo scelto di accoglierci l\u2019un l\u2019altro, ognuno con le proprie fragilit\u00e0 e potenzialit\u00e0. E voi, partecipando, ne sarete parte\u201d.<\/p>\n","protected":false},"excerpt":{"rendered":"<p>La di Vadue di Carolei racconter\u00e0, attraverso uno spettacolo, la storia di Suor Elisa Miceli. Appuntamento il 14 e 15 novembre al Palacultura Giovanni Paolo II di Rende<\/p>\n","protected":false},"author":42,"featured_media":275139,"comment_status":"closed","ping_status":"closed","sticky":false,"template":"","format":"standard","meta":{"_acf_changed":false,"footnotes":"","jetpack_publicize_message":"","jetpack_publicize_feature_enabled":true,"jetpack_social_post_already_shared":false,"jetpack_social_options":{"image_generator_settings":{"template":"highway","default_image_id":0,"font":"","enabled":false},"version":2}},"categories":[563],"tags":[],"class_list":["post-275138","post","type-post","status-publish","format-standard","has-post-thumbnail","hentry","category-area-urbana"],"acf":[],"jetpack_publicize_connections":[],"_links":{"self":[{"href":"https:\/\/quicosenza.it\/news\/wp-json\/wp\/v2\/posts\/275138","targetHints":{"allow":["GET"]}}],"collection":[{"href":"https:\/\/quicosenza.it\/news\/wp-json\/wp\/v2\/posts"}],"about":[{"href":"https:\/\/quicosenza.it\/news\/wp-json\/wp\/v2\/types\/post"}],"author":[{"embeddable":true,"href":"https:\/\/quicosenza.it\/news\/wp-json\/wp\/v2\/users\/42"}],"replies":[{"embeddable":true,"href":"https:\/\/quicosenza.it\/news\/wp-json\/wp\/v2\/comments?post=275138"}],"version-history":[{"count":0,"href":"https:\/\/quicosenza.it\/news\/wp-json\/wp\/v2\/posts\/275138\/revisions"}],"wp:featuredmedia":[{"embeddable":true,"href":"https:\/\/quicosenza.it\/news\/wp-json\/wp\/v2\/media\/275139"}],"wp:attachment":[{"href":"https:\/\/quicosenza.it\/news\/wp-json\/wp\/v2\/media?parent=275138"}],"wp:term":[{"taxonomy":"category","embeddable":true,"href":"https:\/\/quicosenza.it\/news\/wp-json\/wp\/v2\/categories?post=275138"},{"taxonomy":"post_tag","embeddable":true,"href":"https:\/\/quicosenza.it\/news\/wp-json\/wp\/v2\/tags?post=275138"}],"curies":[{"name":"wp","href":"https:\/\/api.w.org\/{rel}","templated":true}]}}