{"id":275225,"date":"2025-11-10T13:08:29","date_gmt":"2025-11-10T12:08:29","guid":{"rendered":"https:\/\/www.quicosenza.it\/news\/?p=275225"},"modified":"2025-11-10T13:08:44","modified_gmt":"2025-11-10T12:08:44","slug":"belvedere-marittimo-a-santa-lucia-nessun-cantiere-fermo-sindaco-lopera-si-fara-e-si-fara-bene","status":"publish","type":"post","link":"https:\/\/quicosenza.it\/news\/belvedere-marittimo-a-santa-lucia-nessun-cantiere-fermo-sindaco-lopera-si-fara-e-si-fara-bene\/","title":{"rendered":"Belvedere Marittimo: a Santa Lucia nessun cantiere fermo, sindaco \u00abl\u2019opera si far\u00e0 e si far\u00e0 bene\u00bb"},"content":{"rendered":"<p>BELVEDERE MARITTIMO (CS) &#8211; Nessun cantiere fantasma a Santa Lucia. I <strong>lavori<\/strong> di consolidamento dell\u2019area di Belvedere Marittimo <strong>non sono stati abbandonati n\u00e9 sospesi senza motivo, ma procedono regolarmente<\/strong> secondo il cronoprogramma aggiornato definito con l\u2019impresa esecutrice e con il Settore Lavori Pubblici. \u00c8 quanto <strong>chiarisce l\u2019Amministrazione comunale<\/strong> in risposta all\u2019interrogazione del gruppo di opposizione Futura Belvedere.<\/p>\n<p>A <strong>confermare<\/strong> la regolarit\u00e0 delle attivit\u00e0 \u00e8 anche la<strong> ditta appaltatrice DRE Srl,<\/strong> che con una nota PEC del 9 novembre 2025 ha ribadito il rispetto delle tempistiche, allegando il cronoprogramma aggiornato. Dai documenti risulta che, dopo la pausa estiva e le fasi preliminari, sono in corso le lavorazioni propedeutiche alla realizzazione delle opere di fondazione. Nei primi giorni di dicembre \u00e8 previsto l\u2019arrivo dei tubolari per l\u2019installazione di micropali e dreni, mentre la conclusione dell\u2019intervento \u00e8 fissata per il 16 novembre 2026.<\/p>\n<p><strong>L\u2019Amministrazione respinge dunque le accuse di immobilismo<\/strong>: si tratta \u2013 spiegano dal Comune \u2013 di un\u2019opera complessa e tecnicamente delicata, gestita con senso di responsabilit\u00e0 e nel pieno rispetto delle procedure e delle prescrizioni tecniche. Tutti gli atti sono disponibili e la cittadinanza sar\u00e0 informata costantemente sull\u2019avanzamento dei lavori.<\/p>\n<p>\u00abSu Santa Lucia non c\u2019\u00e8 spazio per letture distorte \u2013 dichiara il sindaco Vincenzo Cascini \u2013. Stiamo parlando di un\u2019area delicata sulla quale operiamo con atti chiari, responsabilit\u00e0 e scelte tecniche precise. I documenti parlano: il cantiere \u00e8 attivo, il cronoprogramma \u00e8 definito e monitorato. Ai cittadini diciamo una cosa semplice: l\u2019opera si far\u00e0 e si far\u00e0 bene. \u00c8 su questo piano \u2013 quello delle opere, dei progetti e dei risultati concreti \u2013 che rivendichiamo il nostro operato, non sulle ricostruzioni polemiche e prive di fondamento\u00bb.<\/p>\n","protected":false},"excerpt":{"rendered":"<p>Il sindaco di Belvedere, Cascini smentisce le accuse di immobilismo: \u00abIl cantiere \u00e8 attivo, il cronoprogramma rispettato. Ai cittadini diciamo: l\u2019opera si far\u00e0 e si far\u00e0 bene\u00bb.<\/p>\n","protected":false},"author":42,"featured_media":275227,"comment_status":"closed","ping_status":"closed","sticky":false,"template":"","format":"standard","meta":{"_acf_changed":false,"footnotes":"","jetpack_publicize_message":"","jetpack_publicize_feature_enabled":true,"jetpack_social_post_already_shared":false,"jetpack_social_options":{"image_generator_settings":{"template":"highway","default_image_id":0,"font":"","enabled":false},"version":2}},"categories":[576],"tags":[],"class_list":["post-275225","post","type-post","status-publish","format-standard","has-post-thumbnail","hentry","category-tirreno"],"acf":[],"jetpack_publicize_connections":[],"_links":{"self":[{"href":"https:\/\/quicosenza.it\/news\/wp-json\/wp\/v2\/posts\/275225","targetHints":{"allow":["GET"]}}],"collection":[{"href":"https:\/\/quicosenza.it\/news\/wp-json\/wp\/v2\/posts"}],"about":[{"href":"https:\/\/quicosenza.it\/news\/wp-json\/wp\/v2\/types\/post"}],"author":[{"embeddable":true,"href":"https:\/\/quicosenza.it\/news\/wp-json\/wp\/v2\/users\/42"}],"replies":[{"embeddable":true,"href":"https:\/\/quicosenza.it\/news\/wp-json\/wp\/v2\/comments?post=275225"}],"version-history":[{"count":0,"href":"https:\/\/quicosenza.it\/news\/wp-json\/wp\/v2\/posts\/275225\/revisions"}],"wp:featuredmedia":[{"embeddable":true,"href":"https:\/\/quicosenza.it\/news\/wp-json\/wp\/v2\/media\/275227"}],"wp:attachment":[{"href":"https:\/\/quicosenza.it\/news\/wp-json\/wp\/v2\/media?parent=275225"}],"wp:term":[{"taxonomy":"category","embeddable":true,"href":"https:\/\/quicosenza.it\/news\/wp-json\/wp\/v2\/categories?post=275225"},{"taxonomy":"post_tag","embeddable":true,"href":"https:\/\/quicosenza.it\/news\/wp-json\/wp\/v2\/tags?post=275225"}],"curies":[{"name":"wp","href":"https:\/\/api.w.org\/{rel}","templated":true}]}}