{"id":275285,"date":"2025-11-11T07:30:42","date_gmt":"2025-11-11T06:30:42","guid":{"rendered":"https:\/\/www.quicosenza.it\/news\/?p=275285"},"modified":"2025-11-11T07:30:42","modified_gmt":"2025-11-11T06:30:42","slug":"cosenza-il-liceo-g-b-scorza-rappresentera-il-progetto-eee-allinternational-cosmic-day-2025","status":"publish","type":"post","link":"https:\/\/quicosenza.it\/news\/cosenza-il-liceo-g-b-scorza-rappresentera-il-progetto-eee-allinternational-cosmic-day-2025\/","title":{"rendered":"Cosenza: il liceo G.B. Scorza\u201d rappresenter\u00e0 il Progetto EEE all\u2019International Cosmic Day 2025"},"content":{"rendered":"<p>COSENZA &#8211; Il Liceo Scientifico \u201cG.B. Scorza\u201d di Cosenza \u00e8 stato selezionato per rappresentare il Progetto EEE (Extreme Energy Events) durante l\u2019International Cosmic Day 2025( ICD), l\u2019evento internazionale dedicato allo studio dei raggi cosmici organizzato dal centro di ricerca DESY(Deutsches Elektronen-Synchrotron) di Amburgo. <strong>L\u2019appuntamento \u00e8 fissato per gioved\u00ec 13 novembre<\/strong> presso il Centro Studi e Ricerche \u201c<strong>Enrico Fermi\u201d di Roma<\/strong>, in concomitanza con il meeting nazionale del Progetto EEE.<\/p>\n<h3>L&#8217;indagine scientifica del liceo Scorza<\/h3>\n<p>In tale occasione, gli studenti del Liceo Scorza presenteranno i <strong>risultati di un\u2019indagine scientifica<\/strong> condotta sui dati raccolti dal rivelatore <strong>POLA-02 durante la missione a bordo della nave scuola Amerigo Vespucci nell\u2019autunno del 2022<\/strong>. Lo studio, svolto nell\u2019ambito del contest ICD 2025, promosso dal Progetto EEE, ha analizzato la variazione del flusso dei raggi cosmici in funzione della latitudine, un fenomeno di grande rilevanza per la comprensione dei meccanismi di propagazione delle particelle ad altissima energia nello spazio. I risultati saranno ulteriormente approfonditi durante la masterclass in programma al CREF.<\/p>\n<p>A rappresentare il Liceo e la citt\u00e0 di Cosenza nella call internazionale dell\u2019ICD 2025 saranno gli studenti <strong>Anna Rosa Garofalo <\/strong>(classe 4G)e Silvio Rizzuti ( classe 4A curvatura astrofisica e tecnologie spaziali ) che porteranno il contributo scientifico della scuola calabrese nel dialogo globale sui raggi cosmici. Il riconoscimento \u00e8 frutto dell\u2019incoraggiamento della dirigente scolastica<strong> Rosanna Rizzo<\/strong>, dell\u2019impegno costante dei docenti referenti <strong>Daniela De Salvo e Mario Gravina<\/strong>, della passione degli studenti coinvolti nel Progetto EEE, che da anni vede il Liceo \u201cG.B. Scorza\u201d tra i protagonisti nazionali della ricerca scolastica in fisica delle particelle.<\/p>\n<p>\u201cQuesta selezione \u00e8 un orgoglio per la nostra scuola e per l\u2019intera comunit\u00e0 di Cosenza \u2013 dichiara la Dirigente Scolastica \u2013. I nostri studenti dimostrano che la ricerca di eccellenza \u00e8 possibile anche partendo da una realt\u00e0 periferica, grazie a curiosit\u00e0, rigore e collaborazione con i grandi centri di ricerca italiani e internazionali\u201d. L\u2019International Cosmic Day rappresenta un\u2019opportunit\u00e0 unica per migliaia di giovani in tutto il mondo di confrontarsi con dati reali, condividere scoperte e avvicinarsi alla scienza di frontiera.<\/p>\n","protected":false},"excerpt":{"rendered":"<p>Gli studenti Anna Rosa Garofalo e Silvio Rizzuti porteranno il contributo scientifico della scuola calabrese nel dialogo globale sui raggi cosmici<\/p>\n","protected":false},"author":42,"featured_media":274560,"comment_status":"closed","ping_status":"closed","sticky":false,"template":"","format":"standard","meta":{"_acf_changed":false,"footnotes":"","jetpack_publicize_message":"","jetpack_publicize_feature_enabled":true,"jetpack_social_post_already_shared":false,"jetpack_social_options":{"image_generator_settings":{"template":"highway","default_image_id":0,"font":"","enabled":false},"version":2}},"categories":[563,42],"tags":[],"class_list":["post-275285","post","type-post","status-publish","format-standard","has-post-thumbnail","hentry","category-area-urbana","category-cosenza"],"acf":[],"jetpack_publicize_connections":[],"_links":{"self":[{"href":"https:\/\/quicosenza.it\/news\/wp-json\/wp\/v2\/posts\/275285","targetHints":{"allow":["GET"]}}],"collection":[{"href":"https:\/\/quicosenza.it\/news\/wp-json\/wp\/v2\/posts"}],"about":[{"href":"https:\/\/quicosenza.it\/news\/wp-json\/wp\/v2\/types\/post"}],"author":[{"embeddable":true,"href":"https:\/\/quicosenza.it\/news\/wp-json\/wp\/v2\/users\/42"}],"replies":[{"embeddable":true,"href":"https:\/\/quicosenza.it\/news\/wp-json\/wp\/v2\/comments?post=275285"}],"version-history":[{"count":0,"href":"https:\/\/quicosenza.it\/news\/wp-json\/wp\/v2\/posts\/275285\/revisions"}],"wp:featuredmedia":[{"embeddable":true,"href":"https:\/\/quicosenza.it\/news\/wp-json\/wp\/v2\/media\/274560"}],"wp:attachment":[{"href":"https:\/\/quicosenza.it\/news\/wp-json\/wp\/v2\/media?parent=275285"}],"wp:term":[{"taxonomy":"category","embeddable":true,"href":"https:\/\/quicosenza.it\/news\/wp-json\/wp\/v2\/categories?post=275285"},{"taxonomy":"post_tag","embeddable":true,"href":"https:\/\/quicosenza.it\/news\/wp-json\/wp\/v2\/tags?post=275285"}],"curies":[{"name":"wp","href":"https:\/\/api.w.org\/{rel}","templated":true}]}}