{"id":275494,"date":"2025-11-12T19:27:52","date_gmt":"2025-11-12T18:27:52","guid":{"rendered":"https:\/\/www.quicosenza.it\/news\/?p=275494"},"modified":"2025-11-12T19:28:19","modified_gmt":"2025-11-12T18:28:19","slug":"vertenza-operatori-tecnici-112-nue-in-graduatoria-asp-cosenza-ostaggi-della-politica","status":"publish","type":"post","link":"https:\/\/quicosenza.it\/news\/vertenza-operatori-tecnici-112-nue-in-graduatoria-asp-cosenza-ostaggi-della-politica\/","title":{"rendered":"Vertenza operatori tecnici 112 NUE in graduatoria Asp Cosenza &#8220;ostaggi della politica&#8221;"},"content":{"rendered":"<p>CATANZARO &#8211;\u00a0 <strong>Oggi il Si Cobas Calabria, insieme agli <a href=\"https:\/\/quicosenza.it\/news\/utilizzare-gli-operatori-nue-112-della-graduatoria-asp-cosenza-lappello-ad-azienda-zero\/\" target=\"_blank\" rel=\"noopener\">idonei<\/a> della graduatoria NUE 112 dell\u2019Asp di Cosenza,<\/strong> \u00e8 stato ricevuto al sesto piano del Palazzo Regionale dall\u2019assessore <strong>tecnico Marcello Minenna, insieme al suo staff<\/strong>, a nome del presidente Roberto Occhiuto. Il <strong>sindacato chiede da tempo ad Azienda Zero e a tutte le aziende ospedaliere e Asp provinciali di poter utilizzare le risorse umane presenti in questa graduatoria. <\/strong>&#8220;Non era presente alcun referente di Azienda Zero, che invece ci aveva incontrato lo scorso 16 settembre&#8221;, dichiarano i coordinatori regionali del sindacato Roberto Laudini e Simone Scandale.<\/p>\n<p data-start=\"583\" data-end=\"954\">&#8220;In quell\u2019occasione, il Direttore sanitario di Azienda Zero, Minniti, aveva comunicato che 48 unit\u00e0 sarebbero state impiegate nei servizi 116 e 117. Tuttavia, oggi l\u2019assessore Minenna ha fornito numeri inferiori, smentendo quanto detto in precedenza. La mancata partecipazione di Azienda Zero all\u2019incontro odierno solleva interrogativi: si tratta di una scelta politica? Il presidente Miserendino era presente nei corridoi del palazzo, ma non ha partecipato all\u2019incontro, presumibilmente a causa di impegni urgenti.<\/p>\n<p data-start=\"1104\" data-end=\"1380\">Durante la discussione, il Si Cobas Calabria ha chiesto che la figura dell\u2019operatore tecnico, gi\u00e0 presente nella graduatoria (delibera n. 2198 del 17 ottobre 2023), venga impiegata in tutte le aziende ospedaliere e nelle Asp provinciali, per colmare la carenza di personale. Il Si Cobas Calabria conferma che non si fermer\u00e0: insieme agli idonei continuer\u00e0 a portare avanti la<strong> vertenza degli operatori tecnici del servizio 112 Nue, troppo a lungo ostaggio della politica<\/strong> e dei sindacati politici.<\/p>\n<p data-start=\"1606\" data-end=\"1811\">All\u2019incontro erano presenti anche due rappresentanti OSS, che hanno chiesto l\u2019avvio di un piano di mobilit\u00e0 regionale ed extra-regionale per permettere ai lavoratori di avvicinarsi al luogo di residenza. Il Si Cobas Calabria ribadisce il suo impegno per la giustizia sociale e per abbattere il \u201cmuro di gomma\u201d che da anni avvolge la sanit\u00e0 pubblica calabrese e tutto ci\u00f2 che le gravita attorno. Lotta continua, a testa alta e senza paura, perch\u00e9 la paura non appartiene a chi difende i diritti dei lavoratori.<\/p>\n<p>.<\/p>\n","protected":false},"excerpt":{"rendered":"<p>Oggi il Si Cobas Calabria, insieme agli idonei, ha incontrato in Cittadella l&#8217;assessore Minenna affich\u00e9 gli operatori possano essere utilizzati in altre asp calabresi<\/p>\n","protected":false},"author":58,"featured_media":271161,"comment_status":"closed","ping_status":"closed","sticky":false,"template":"","format":"standard","meta":{"_acf_changed":false,"footnotes":"","jetpack_publicize_message":"","jetpack_publicize_feature_enabled":true,"jetpack_social_post_already_shared":false,"jetpack_social_options":{"image_generator_settings":{"template":"highway","default_image_id":0,"font":"","enabled":false},"version":2}},"categories":[563,42],"tags":[],"class_list":["post-275494","post","type-post","status-publish","format-standard","has-post-thumbnail","hentry","category-area-urbana","category-cosenza"],"acf":[],"jetpack_publicize_connections":[],"_links":{"self":[{"href":"https:\/\/quicosenza.it\/news\/wp-json\/wp\/v2\/posts\/275494","targetHints":{"allow":["GET"]}}],"collection":[{"href":"https:\/\/quicosenza.it\/news\/wp-json\/wp\/v2\/posts"}],"about":[{"href":"https:\/\/quicosenza.it\/news\/wp-json\/wp\/v2\/types\/post"}],"author":[{"embeddable":true,"href":"https:\/\/quicosenza.it\/news\/wp-json\/wp\/v2\/users\/58"}],"replies":[{"embeddable":true,"href":"https:\/\/quicosenza.it\/news\/wp-json\/wp\/v2\/comments?post=275494"}],"version-history":[{"count":0,"href":"https:\/\/quicosenza.it\/news\/wp-json\/wp\/v2\/posts\/275494\/revisions"}],"wp:featuredmedia":[{"embeddable":true,"href":"https:\/\/quicosenza.it\/news\/wp-json\/wp\/v2\/media\/271161"}],"wp:attachment":[{"href":"https:\/\/quicosenza.it\/news\/wp-json\/wp\/v2\/media?parent=275494"}],"wp:term":[{"taxonomy":"category","embeddable":true,"href":"https:\/\/quicosenza.it\/news\/wp-json\/wp\/v2\/categories?post=275494"},{"taxonomy":"post_tag","embeddable":true,"href":"https:\/\/quicosenza.it\/news\/wp-json\/wp\/v2\/tags?post=275494"}],"curies":[{"name":"wp","href":"https:\/\/api.w.org\/{rel}","templated":true}]}}