{"id":275517,"date":"2025-11-13T10:42:16","date_gmt":"2025-11-13T09:42:16","guid":{"rendered":"https:\/\/www.quicosenza.it\/news\/?p=275517"},"modified":"2025-11-13T10:42:16","modified_gmt":"2025-11-13T09:42:16","slug":"vertenze-fisco-e-sanita-cgil-cisl-e-uil-chiedono-risultati-concreti-a-occhiuto","status":"publish","type":"post","link":"https:\/\/quicosenza.it\/news\/vertenze-fisco-e-sanita-cgil-cisl-e-uil-chiedono-risultati-concreti-a-occhiuto\/","title":{"rendered":"Vertenze, fisco e sanit\u00e0: Cgil, Cisl e Uil chiedono risultati &#8216;concreti&#8217; a Occhiuto"},"content":{"rendered":"<p class=\"v1MsoNormal\">CATANZARO &#8211; &#8220;Bene l&#8217;incontro con il Presidente della Regione, <strong>Roberto Occhiuto<\/strong>&#8220;. Per <strong>Cgil, Cisl e Uil<\/strong> si apre &#8220;una nuova stagione di confronto che dovr\u00e0 tradursi in risultati concreti per le lavoratrici, i lavoratori, i giovani e i pensionati calabresi. Abbiamo condiviso la necessit\u00e0 di un modello di sviluppo sostenibile, capace di creare occupazione di qualit\u00e0, garantire <strong>giustizia sociale e rafforzare i servizi pubblici<\/strong>, a partire dalla<strong> sanit\u00e0<\/strong>. La piattaforma unitaria &#8211; dichiarano i tre segretari generali &#8211;\u00a0 indica con chiarezza le priorit\u00e0 sulle quali vogliamo misurare l&#8217;impegno della Giunta regionale e aprire una vera trattativa sociale su temi specifici quali: lavoro, formazione e sicurezza, sanit\u00e0 e sociale, investimenti, fisco e credito, infrastrutture e forestazione.<\/p>\n<h3>I punti al tavolo di confronto tra sindacati e Regione Calabria<\/h3>\n<p class=\"v1MsoNormal\">Nel confronto col Presidente Occhiuto abbiamo trattato i <strong>seguenti punti:<\/strong><\/p>\n<p class=\"v1MsoNormal\">&#8211; rafforzare la Commissione per l&#8217;emersione da<strong> lavoro sommerso<\/strong>, per combattere sfruttamento e precariet\u00e0 e riportare legalit\u00e0 nel mercato del lavoro.<\/p>\n<p class=\"v1MsoNormal\">&#8211; avviare un <strong>piano straordinario<\/strong> di formazione delle competenze necessarie per la transizione ecologica e digitale, per la partenza dei grandi cantieri coinvolgendo imprese, enti bilaterali e universit\u00e0;<\/p>\n<p class=\"v1MsoNormal\">&#8211; occorre un <strong>portale regionale unico<\/strong>, digitale, che consenta di tracciare ogni percorso formativo, rendendo ogni attestato consultabile, verificabile e soprattutto reale. I fogli di carta non bastano pi\u00f9: devono essere superati da strumenti digitali sicuri, accessibili e certificati.<\/p>\n<p class=\"v1MsoNormal\">&#8211; riformare <strong>l&#8217;addizionale regionale IRPEF<\/strong> con criteri di equit\u00e0 e progressivit\u00e0, chiedendo di pi\u00f9 a chi ha di pi\u00f9 e alleggerendo il peso fiscale sui redditi medio-bassi.<\/p>\n<p class=\"v1MsoNormal\">&#8211; <strong>monitoraggio PNRR<\/strong>, in particolare nella Missione 5 \u2013 Inclusione e coesione e nella Missione 6 \u2013 Salute, per evitare sprechi e ritardi e assicurare benefici reali ai calabresi con la realizzazione di ospedali e case di comunit\u00e0.<\/p>\n<p class=\"v1MsoNormal\">&#8211; sul fronte della<strong> sanit\u00e0<\/strong> \u00e8 necessario che la Calabria esca velocemente dal commissariamento: servono risorse per poter parlare di piano straordinario di assunzioni, per poter ricostruire la rete dei servizi sanitari territoriali e ospedalieri.<\/p>\n<p class=\"v1MsoNormal\">&#8211; sulla <strong>ZES o<\/strong>ccorre un Piano Strategico che integri e raccordi le agevolazioni nazionali con gli incentivi regionali.<\/p>\n<p class=\"v1MsoNormal\">&#8211; sulle <strong>risorse comunitari<\/strong>e, priorit\u00e0 a ciclo integrato delle acque e riqualificazione aree industriali.<\/p>\n<p class=\"v1MsoNormal\">&#8211; <strong>Vertenza TIS<\/strong>: sono 1.104 le persone avviate a selezione, 322 hanno concluso la formazione e 406 sono in carico ai comuni in dissesto o predissesto.Per queste lavoratrici e lavoratori chiediamo stabilit\u00e0, continuit\u00e0 occupazionale e prospettive certe, perch\u00e9 non si pu\u00f2 parlare di sviluppo lasciando indietro chi ha gi\u00e0 dimostrato competenze e disponibilit\u00e0 al servizio delle comunit\u00e0 locali.<\/p>\n<p class=\"v1MsoNormal\"><strong>Cgil, Cisl e Uil Calabria si aspettano atti concreti e tempi certi &#8211; concludono i sindacati. &#8211; <\/strong>La fase del confronto \u00e8 aperta, ma s<strong>ar\u00e0 il merito delle scelte a fare la differenza<\/strong>. Il sindacato unitario sar\u00e0 vigile ed esigente pronto a sostenere con forza i diritti del lavoro, della dignit\u00e0 e della giustizia sociale in tutta la regione&#8221;.<\/p>\n","protected":false},"excerpt":{"rendered":"<p>I sindacati hanno dettato l&#8217;agendo al governatore della Calabria presentandogli le priorit\u00e0: &#8220;Ci aspettiamo atti concreti e tempi certi, sar\u00e0 il merito delle scelte a fare la differenza&#8221;<\/p>\n","protected":false},"author":58,"featured_media":275518,"comment_status":"closed","ping_status":"closed","sticky":false,"template":"","format":"standard","meta":{"_acf_changed":false,"footnotes":"","jetpack_publicize_message":"","jetpack_publicize_feature_enabled":true,"jetpack_social_post_already_shared":false,"jetpack_social_options":{"image_generator_settings":{"template":"highway","default_image_id":0,"font":"","enabled":false},"version":2}},"categories":[17],"tags":[],"class_list":["post-275517","post","type-post","status-publish","format-standard","has-post-thumbnail","hentry","category-calabria"],"acf":[],"jetpack_publicize_connections":[],"_links":{"self":[{"href":"https:\/\/quicosenza.it\/news\/wp-json\/wp\/v2\/posts\/275517","targetHints":{"allow":["GET"]}}],"collection":[{"href":"https:\/\/quicosenza.it\/news\/wp-json\/wp\/v2\/posts"}],"about":[{"href":"https:\/\/quicosenza.it\/news\/wp-json\/wp\/v2\/types\/post"}],"author":[{"embeddable":true,"href":"https:\/\/quicosenza.it\/news\/wp-json\/wp\/v2\/users\/58"}],"replies":[{"embeddable":true,"href":"https:\/\/quicosenza.it\/news\/wp-json\/wp\/v2\/comments?post=275517"}],"version-history":[{"count":0,"href":"https:\/\/quicosenza.it\/news\/wp-json\/wp\/v2\/posts\/275517\/revisions"}],"wp:featuredmedia":[{"embeddable":true,"href":"https:\/\/quicosenza.it\/news\/wp-json\/wp\/v2\/media\/275518"}],"wp:attachment":[{"href":"https:\/\/quicosenza.it\/news\/wp-json\/wp\/v2\/media?parent=275517"}],"wp:term":[{"taxonomy":"category","embeddable":true,"href":"https:\/\/quicosenza.it\/news\/wp-json\/wp\/v2\/categories?post=275517"},{"taxonomy":"post_tag","embeddable":true,"href":"https:\/\/quicosenza.it\/news\/wp-json\/wp\/v2\/tags?post=275517"}],"curies":[{"name":"wp","href":"https:\/\/api.w.org\/{rel}","templated":true}]}}