{"id":275596,"date":"2025-11-14T10:19:01","date_gmt":"2025-11-14T09:19:01","guid":{"rendered":"https:\/\/www.quicosenza.it\/news\/?p=275596"},"modified":"2025-11-14T10:19:01","modified_gmt":"2025-11-14T09:19:01","slug":"danneggiata-lauto-del-giornalista-pietro-comito-non-mi-fate-paura","status":"publish","type":"post","link":"https:\/\/quicosenza.it\/news\/danneggiata-lauto-del-giornalista-pietro-comito-non-mi-fate-paura\/","title":{"rendered":"Danneggiata l\u2019auto del giornalista Pietro Comito: \u201cNon mi fate paura\u201d"},"content":{"rendered":"<p>VIBO VALENTIA &#8211; Nella giornata di ieri a Vibo Valentia \u00e8 stata<strong> danneggiata l&#8217;auto del giornalista Pietro Comito<\/strong>. \u00c8 stato proprio lui a denunciare i fatti accaduti tramite un video pubblicato sui social. La vettura, parcheggiata in piazza Santa Maria, nel centro della citt\u00e0, \u00e8 stata presa di mira da persone non identificate che hanno tracciato su una fiancata con un oggetto appuntito una profonda riga.<\/p>\n<p>&#8220;Lascio la mia auto parcheggiata &#8211; scrive il giornalista &#8211; e ritrovo un bel pensiero da parte di qualcuno. A chi ritiene che io possa fare un passo indietro dico questo: nella mia vita ho incassato colpi ben pi\u00f9 duri e li ho affrontati con coraggio. Non sono come voi, vigliacchi. <strong>Io vi guardo e vi affronto a testa alta&#8221;. <\/strong>Il giornalista ha ringraziato gli autori del gesto &#8220;per la forza che mi date&#8221; e per tutto quello che &#8220;provo in questo momento, orgoglio&#8221;.\u00a0 Dice a chiare lettere di non temere: &#8220;L&#8217;auto potete anche farla saltare in aria, non mi fate paura, mi fate solo arrabbiare&#8221;.<\/p>\n<p>&#8220;Vibo Valentia \u00e8 una citt\u00e0 bellissima. Voi non siete come noi. Ci sono persone che credono in me e apprezzano ci\u00f2 che faccio. Non sono solo. C&#8217;\u00e8 un <strong>cordone sanitario intorno<\/strong> a me che vi permette di agire solo nell&#8217;ombra. Siete dei vigliacchi&#8221;.<\/p>\n<p><iframe loading=\"lazy\" style=\"border: none; overflow: hidden;\" src=\"https:\/\/www.facebook.com\/plugins\/video.php?height=476&amp;href=https%3A%2F%2Fwww.facebook.com%2Fpietrocomitogiornalistaontheroad%2Fvideos%2F1381371776909509%2F&amp;show_text=true&amp;width=267&amp;t=0\" width=\"267\" height=\"591\" frameborder=\"0\" scrolling=\"no\" allowfullscreen=\"allowfullscreen\"><\/iframe><\/p>\n","protected":false},"excerpt":{"rendered":"<p>\u00c8 stato proprio il diretto interessato a denunciare i fatti accaduti tramite un video pubblicato sui social. Il giornalista spiega che questo non serve a fermarlo: &#8220;Io vi guardo e vi affronto a testa alta&#8221;<\/p>\n","protected":false},"author":90,"featured_media":275598,"comment_status":"closed","ping_status":"closed","sticky":false,"template":"","format":"standard","meta":{"_acf_changed":false,"footnotes":"","jetpack_publicize_message":"","jetpack_publicize_feature_enabled":true,"jetpack_social_post_already_shared":false,"jetpack_social_options":{"image_generator_settings":{"template":"highway","default_image_id":0,"font":"","enabled":false},"version":2}},"categories":[17],"tags":[],"class_list":["post-275596","post","type-post","status-publish","format-standard","has-post-thumbnail","hentry","category-calabria"],"acf":[],"jetpack_publicize_connections":[],"_links":{"self":[{"href":"https:\/\/quicosenza.it\/news\/wp-json\/wp\/v2\/posts\/275596","targetHints":{"allow":["GET"]}}],"collection":[{"href":"https:\/\/quicosenza.it\/news\/wp-json\/wp\/v2\/posts"}],"about":[{"href":"https:\/\/quicosenza.it\/news\/wp-json\/wp\/v2\/types\/post"}],"author":[{"embeddable":true,"href":"https:\/\/quicosenza.it\/news\/wp-json\/wp\/v2\/users\/90"}],"replies":[{"embeddable":true,"href":"https:\/\/quicosenza.it\/news\/wp-json\/wp\/v2\/comments?post=275596"}],"version-history":[{"count":0,"href":"https:\/\/quicosenza.it\/news\/wp-json\/wp\/v2\/posts\/275596\/revisions"}],"wp:featuredmedia":[{"embeddable":true,"href":"https:\/\/quicosenza.it\/news\/wp-json\/wp\/v2\/media\/275598"}],"wp:attachment":[{"href":"https:\/\/quicosenza.it\/news\/wp-json\/wp\/v2\/media?parent=275596"}],"wp:term":[{"taxonomy":"category","embeddable":true,"href":"https:\/\/quicosenza.it\/news\/wp-json\/wp\/v2\/categories?post=275596"},{"taxonomy":"post_tag","embeddable":true,"href":"https:\/\/quicosenza.it\/news\/wp-json\/wp\/v2\/tags?post=275596"}],"curies":[{"name":"wp","href":"https:\/\/api.w.org\/{rel}","templated":true}]}}