{"id":275679,"date":"2025-11-15T10:53:27","date_gmt":"2025-11-15T09:53:27","guid":{"rendered":"https:\/\/www.quicosenza.it\/news\/?p=275679"},"modified":"2025-11-15T10:56:25","modified_gmt":"2025-11-15T09:56:25","slug":"capodanno-rai-loizzo-si-appella-ad-occhiuto-rilanciare-gli-investimenti-su-cosenza","status":"publish","type":"post","link":"https:\/\/quicosenza.it\/news\/capodanno-rai-loizzo-si-appella-ad-occhiuto-rilanciare-gli-investimenti-su-cosenza\/","title":{"rendered":"Capodanno Rai, Loizzo si appella ad Occhiuto: \u00abRilanciare gli investimenti su Cosenza\u00bb"},"content":{"rendered":"<p>COSENZA &#8211; &#8220;La scelta di <strong><a href=\"https:\/\/quicosenza.it\/news\/catanzaro-ospitera-il-capodanno-rai-la-soddisfazione-di-occhiuto-ci-vediamo-sotto-le-stelle\/\" target=\"_blank\" rel=\"noopener\">Catanzaro come sede del capodanno Rai<\/a><\/strong> \u00e8 giusta. Come calabresi ne siamo felici. Del resto se si deve scegliere una citt\u00e0 non pu\u00f2 essere un fatto salomonico e si \u00e8 scelto il capoluogo. &#8211; spiega in una nota Simona Loizzo, deputato della Lega Tuttavia riteniamo che si debba <strong>lavorare tutti insieme per rilanciare gli investimenti culturali su Cosenza<\/strong>, che ha la peculiarit\u00e0 di una <strong>bellezza storica e culturale<\/strong> per cui \u00e8 indispensabile pensare ad <strong>azioni di rilancio e di sinergia&#8221;. <\/strong><\/p>\n<p>&#8220;\u00c8 fondamentale che tutte le istituzioni lavorino insieme per esaltare la bellezza della citt\u00e0 e la sua dimensione culturale, e in questo la Regione nell&#8217;ambito degli accordi con la Rai &#8211; conclude Loizzo &#8211; <strong>pu\u00f2 e deve far conoscere a tutto il Paese l&#8217;unicit\u00e0 di Cosenza,<\/strong> dal centro storico al museo all&#8217;aperto&#8221;.<\/p>\n","protected":false},"excerpt":{"rendered":"<p>La deputata della Lega spiega che \u00e8 necessario un lavoro &#8220;di rilancio e di sinergia&#8221; per &#8220;far conoscere a tutto il Paese l&#8217;unicit\u00e0 di Cosenza, dal centro storico al museo all&#8217;aperto&#8221; <\/p>\n","protected":false},"author":90,"featured_media":177129,"comment_status":"closed","ping_status":"closed","sticky":false,"template":"","format":"standard","meta":{"_acf_changed":false,"footnotes":"","jetpack_publicize_message":"","jetpack_publicize_feature_enabled":true,"jetpack_social_post_already_shared":false,"jetpack_social_options":{"image_generator_settings":{"template":"highway","default_image_id":0,"font":"","enabled":false},"version":2}},"categories":[563,42],"tags":[],"class_list":["post-275679","post","type-post","status-publish","format-standard","has-post-thumbnail","hentry","category-area-urbana","category-cosenza"],"acf":[],"jetpack_publicize_connections":[],"_links":{"self":[{"href":"https:\/\/quicosenza.it\/news\/wp-json\/wp\/v2\/posts\/275679","targetHints":{"allow":["GET"]}}],"collection":[{"href":"https:\/\/quicosenza.it\/news\/wp-json\/wp\/v2\/posts"}],"about":[{"href":"https:\/\/quicosenza.it\/news\/wp-json\/wp\/v2\/types\/post"}],"author":[{"embeddable":true,"href":"https:\/\/quicosenza.it\/news\/wp-json\/wp\/v2\/users\/90"}],"replies":[{"embeddable":true,"href":"https:\/\/quicosenza.it\/news\/wp-json\/wp\/v2\/comments?post=275679"}],"version-history":[{"count":0,"href":"https:\/\/quicosenza.it\/news\/wp-json\/wp\/v2\/posts\/275679\/revisions"}],"wp:featuredmedia":[{"embeddable":true,"href":"https:\/\/quicosenza.it\/news\/wp-json\/wp\/v2\/media\/177129"}],"wp:attachment":[{"href":"https:\/\/quicosenza.it\/news\/wp-json\/wp\/v2\/media?parent=275679"}],"wp:term":[{"taxonomy":"category","embeddable":true,"href":"https:\/\/quicosenza.it\/news\/wp-json\/wp\/v2\/categories?post=275679"},{"taxonomy":"post_tag","embeddable":true,"href":"https:\/\/quicosenza.it\/news\/wp-json\/wp\/v2\/tags?post=275679"}],"curies":[{"name":"wp","href":"https:\/\/api.w.org\/{rel}","templated":true}]}}