{"id":275686,"date":"2025-11-15T12:50:16","date_gmt":"2025-11-15T11:50:16","guid":{"rendered":"https:\/\/www.quicosenza.it\/news\/?p=275686"},"modified":"2025-11-15T12:33:35","modified_gmt":"2025-11-15T11:33:35","slug":"cosenza-fuori-dal-capodanno-rai-i-socialisti-occhiuto-umilia-la-sua-citta","status":"publish","type":"post","link":"https:\/\/quicosenza.it\/news\/cosenza-fuori-dal-capodanno-rai-i-socialisti-occhiuto-umilia-la-sua-citta\/","title":{"rendered":"Cosenza fuori dal Capodanno Rai, i socialisti: \u00abOcchiuto umilia la sua citt\u00e0\u00bb"},"content":{"rendered":"<p>COSENZA &#8211; Cosenza non ce la ad arrivare in Rai e rimane indietro. Dopo una serie di indiscrezioni ieri \u00e8 arrivata la conferma da parte di <strong>Filippo Mancuso<\/strong>, attuale vicepresidente della Regione Calabria,\u00a0che il programma <a href=\"https:\/\/quicosenza.it\/news\/catanzaro-ospitera-il-capodanno-rai-la-soddisfazione-di-occhiuto-ci-vediamo-sotto-le-stelle\/\" target=\"_blank\" rel=\"noopener\">L&#8217;Anno che Verr\u00e0 si svolger\u00e0 da Catanzaro.<\/a><\/p>\n<p>La &#8220;contesa&#8221;, dunque, fra il capoluogo di regione e Cosenza ha visto primeggiare Catanzaro diffondendo molti <strong>malumori<\/strong> nella Citt\u00e0 dei Bruzi. Se Simona Loizzo, deputato della Lega, ha invitato con toni pi\u00f9 pacati Occhiuto a traghettare tramite gli accordi con la Rai <strong><a href=\"https:\/\/quicosenza.it\/news\/capodanno-rai-loizzo-si-appella-ad-occhiuto-rilanciare-gli-investimenti-su-cosenza\/\" target=\"_blank\" rel=\"noopener\">maggiore attenzione su Cosenza,<\/a><\/strong> i Socialisti per la Calabria fanno la voce grossa e si scagliano contro il governatore.<\/p>\n<p>&#8220;Per la terza volta consecutiva <strong>Cosenza<\/strong>, il capoluogo di provincia pi\u00f9 grande, viene<strong> bannato dalla scelta del Capodanno Rai.<\/strong> Occhiuto umilia la sua citt\u00e0, splendida, e sceglie Catanzaro. Precisiamo di amare il capoluogo e di non essere campanilisti. &#8211; dicono i Socialisti per la Calabria &#8211; Ma \u00e8 possibile che una citt\u00e0 cosi bella, che \u00e8 capoluogo della provincia pi\u00f9 grande, una delle pi\u00f9 estese d&#8217;Italia,<strong> venga ancora penalizzata?<\/strong> Forse Occhiuto non gradisce che a Cosenza perda puntualmente da anni. Dopo l&#8217;ospedale, anche il capodanno: &#8211; concludono &#8211; il presidente Occhiuto non ama la sua citt\u00e0. E questo \u00e8 un fatto&#8221;.<\/p>\n<p>&nbsp;<\/p>\n","protected":false},"excerpt":{"rendered":"<p>I Socialisti per la Calabria fanno la voce grossa dopo la scelta di Catanzaro e si scagliano contro il governatore che continua a penalizzare Cosenza: &#8220;Dopo l&#8217;ospedale, anche il capodanno&#8221;<\/p>\n","protected":false},"author":90,"featured_media":275691,"comment_status":"closed","ping_status":"closed","sticky":false,"template":"","format":"standard","meta":{"_acf_changed":false,"footnotes":"","jetpack_publicize_message":"","jetpack_publicize_feature_enabled":true,"jetpack_social_post_already_shared":false,"jetpack_social_options":{"image_generator_settings":{"template":"highway","default_image_id":0,"font":"","enabled":false},"version":2}},"categories":[563,42],"tags":[],"class_list":["post-275686","post","type-post","status-publish","format-standard","has-post-thumbnail","hentry","category-area-urbana","category-cosenza"],"acf":[],"jetpack_publicize_connections":[],"_links":{"self":[{"href":"https:\/\/quicosenza.it\/news\/wp-json\/wp\/v2\/posts\/275686","targetHints":{"allow":["GET"]}}],"collection":[{"href":"https:\/\/quicosenza.it\/news\/wp-json\/wp\/v2\/posts"}],"about":[{"href":"https:\/\/quicosenza.it\/news\/wp-json\/wp\/v2\/types\/post"}],"author":[{"embeddable":true,"href":"https:\/\/quicosenza.it\/news\/wp-json\/wp\/v2\/users\/90"}],"replies":[{"embeddable":true,"href":"https:\/\/quicosenza.it\/news\/wp-json\/wp\/v2\/comments?post=275686"}],"version-history":[{"count":0,"href":"https:\/\/quicosenza.it\/news\/wp-json\/wp\/v2\/posts\/275686\/revisions"}],"wp:featuredmedia":[{"embeddable":true,"href":"https:\/\/quicosenza.it\/news\/wp-json\/wp\/v2\/media\/275691"}],"wp:attachment":[{"href":"https:\/\/quicosenza.it\/news\/wp-json\/wp\/v2\/media?parent=275686"}],"wp:term":[{"taxonomy":"category","embeddable":true,"href":"https:\/\/quicosenza.it\/news\/wp-json\/wp\/v2\/categories?post=275686"},{"taxonomy":"post_tag","embeddable":true,"href":"https:\/\/quicosenza.it\/news\/wp-json\/wp\/v2\/tags?post=275686"}],"curies":[{"name":"wp","href":"https:\/\/api.w.org\/{rel}","templated":true}]}}