{"id":275703,"date":"2025-11-15T16:30:04","date_gmt":"2025-11-15T15:30:04","guid":{"rendered":"https:\/\/www.quicosenza.it\/news\/?p=275703"},"modified":"2025-11-15T16:19:17","modified_gmt":"2025-11-15T15:19:17","slug":"tassa-sul-suolo-pubblico-a-cosenza-la-maggioranza-lobiettivo-e-la-mediazione-incontro-con-la-consulta","status":"publish","type":"post","link":"https:\/\/quicosenza.it\/news\/tassa-sul-suolo-pubblico-a-cosenza-la-maggioranza-lobiettivo-e-la-mediazione-incontro-con-la-consulta\/","title":{"rendered":"Tassa sul suolo pubblico a Cosenza, la maggioranza: \u00abL&#8217;obiettivo \u00e8 la mediazione, incontro con la Consulta\u00bb"},"content":{"rendered":"<p>COSENZA &#8211; &#8220;Comprendiamo le polemiche in merito alla<strong> tassa sull&#8217;occupazione di suolo pubblico nella citt\u00e0 di Cosenza<\/strong> ma anche la necessit\u00e0 oggettiva di<strong> porre a regime un sistema condiviso e sostenibile<\/strong> degli spazi comuni&#8221;. Cos\u00ec i <strong>capigruppo di maggioranza Alimena, Fuorivia, Commodaro, Graziadio e Frammartino<\/strong> in una nota, una chiara risposta alle accuse arrivate negli scorsi giorni dai consiglieri di opposizione che parlavano di <a href=\"https:\/\/quicosenza.it\/news\/tassa-sul-suolo-pubblico-a-cosenza-la-minoranza-follia-amministrativa-caruso-ignora-la-questione\/\" target=\"_blank\" rel=\"noopener\">immobilismo dell&#8217;amministrazione Caruso<\/a> rispetto alla questione.<\/p>\n<p>&#8220;L&#8217;amministrazione comunale, costretta dalle stringenti regole del Piano di rientro e delle censure della corte dei conti, ha dovuto prendere atto che<strong> il sistema di gestione degli spazi pubblici non ha negli anni funzionato<\/strong> creando eccessive pressioni di domanda negli spazi a pi\u00f9 alta redditivit\u00e0 e carenza e\/o assenza in quelli a minore redditivit\u00e0 &#8211; precisano &#8211;\u00a0Un fenomeno frutto di una pianificazione pi\u00f9 con i caratteri &#8220;elettorali&#8221; che di reale servizio alla cittadinanza&#8221;.<\/p>\n<p>&#8220;Nel corso del 2025, all&#8217;adeguamento delle tariffe al minimo di legge (da ci\u00f2 si evinca che quelle precedenti erano censurate perch\u00e9 difformi da essa), l&#8217;amministrazione Caruso ha ascoltato sia gli esercenti sia i cittadini che mostrano interessi contrapposti difficilmente conciliabili &#8211; aggiungono &#8211; <strong>Richieste come maggiore spazio, controlli meno stretti, tariffe calmierate, accessi a pagamento<\/strong> si sono <strong>scontrate<\/strong> con una <strong>gestione del suolo pubblico controllata, a libero accesso e costo per la cittadinanza&#8221;<\/strong>.<\/p>\n<h3>Tassa sul suolo pubblico a Cosenza, il tentativo &#8220;\u00e8 conciliare le richieste&#8221;<\/h3>\n<p>&#8220;Per tentare di <strong>conciliare<\/strong> queste rispettive legittime richieste (quelle degli esercenti e quelle a tutela del cittadino fruitore) l&#8217;amministrazione ha avviato un <strong>percorso di pianificazione della redditivit\u00e0<\/strong> delle aree cittadine, della qualit\u00e0 degli oggetti che occupano il suolo per giungere infine a una revisione delle tariffe che consentano alla stessa di mantenere gi\u00e0 una prima promessa: includere le coperture mobili (ombrelloni) all&#8217;interno di una tariffa pi\u00f9 contenuta&#8221;.<\/p>\n<p>&#8220;Oggi il nuovo piano di zonizzazione delle aree occupabili \u00e8 definito, le categorie oggetto di occupazione compatibili con le regole del decoro pubblico definite e, per come stabilito dalla legge, si \u00e8 avviato il <strong>percorso di revisione dei coefficienti di categoria<\/strong> (competenza della giunta) e approvazione delle tariffe composite (competenza del consiglio) nelle more del ciclo amministrativo di approvazione del bilancio&#8221; dicono ancora i capigruppo di maggioranza.<\/p>\n<h3>Un ulteriore incontro con la Consulta del Commercio<\/h3>\n<p>&#8220;\u00c8 bene rammentare che <strong>l&#8217;obiettivo condiviso<\/strong> era proprio quello di<strong> giungere a una regolarizzazione prima dell&#8217;avvio dei controlli,<\/strong> un traguardo che, allo stato attuale, appare purtroppo non ancora raggiunto, generando legittime perplessit\u00e0. &#8211; precisano poi &#8211; \u00c8 inoltre necessario precisare che la responsabilit\u00e0 maggiore in questo contesto ricade sui <strong>ruoli non pagati<\/strong> negli ultimi 5 anni&#8221;.<\/p>\n<p>&#8220;In questi quattro anni, sulla scia di tale considerazione, il lavoro \u00e8 proceduto alacremente per trovare una<strong> mediazione tra i diversi interessi in campo.<\/strong> Ci\u00f2 \u00e8 stato fatto valutando l&#8217;impegno, sia in termini di qualit\u00e0 che di quantit\u00e0, di tutti gli esercenti, molti dei quali hanno mostrato di condividere la prospettiva di questa amministrazione riguardo al suolo pubblico. Consci dell&#8217;importanza del commercio e della movida per la Citt\u00e0 di Cosenza, sosterremo la proposta del sindaco Caruso di un<strong> ulteriore prossimo incontro con la Consulta del Commercio<\/strong> per valutare una<strong> rateizzazione<\/strong> che tenga conto del periodo di festivit\u00e0 natalizie e che permetta di arrivare pi\u00f9 serenamente a una <strong>revisione di coefficienti e tariffe<\/strong> nei limiti consentiti dal piano di riequilibrio che, ricordiamo, tutti subiamo a causa del <strong>default tecnico di Cosenza<\/strong> provocata dalla precedente amministrazione Occhiuto&#8221;.<\/p>\n","protected":false},"excerpt":{"rendered":"<p>I capigruppo di maggioranza spiegano di aver lavorato per conciliare le richieste di tutti ma che &#8220;la responsabilit\u00e0 maggiore in questo contesto ricade sui ruoli non pagati negli ultimi 5 anni&#8221; <\/p>\n","protected":false},"author":90,"featured_media":148576,"comment_status":"closed","ping_status":"closed","sticky":false,"template":"","format":"standard","meta":{"_acf_changed":false,"footnotes":"","jetpack_publicize_message":"","jetpack_publicize_feature_enabled":true,"jetpack_social_post_already_shared":false,"jetpack_social_options":{"image_generator_settings":{"template":"highway","default_image_id":0,"font":"","enabled":false},"version":2}},"categories":[563,42],"tags":[],"class_list":["post-275703","post","type-post","status-publish","format-standard","has-post-thumbnail","hentry","category-area-urbana","category-cosenza"],"acf":[],"jetpack_publicize_connections":[],"_links":{"self":[{"href":"https:\/\/quicosenza.it\/news\/wp-json\/wp\/v2\/posts\/275703","targetHints":{"allow":["GET"]}}],"collection":[{"href":"https:\/\/quicosenza.it\/news\/wp-json\/wp\/v2\/posts"}],"about":[{"href":"https:\/\/quicosenza.it\/news\/wp-json\/wp\/v2\/types\/post"}],"author":[{"embeddable":true,"href":"https:\/\/quicosenza.it\/news\/wp-json\/wp\/v2\/users\/90"}],"replies":[{"embeddable":true,"href":"https:\/\/quicosenza.it\/news\/wp-json\/wp\/v2\/comments?post=275703"}],"version-history":[{"count":0,"href":"https:\/\/quicosenza.it\/news\/wp-json\/wp\/v2\/posts\/275703\/revisions"}],"wp:featuredmedia":[{"embeddable":true,"href":"https:\/\/quicosenza.it\/news\/wp-json\/wp\/v2\/media\/148576"}],"wp:attachment":[{"href":"https:\/\/quicosenza.it\/news\/wp-json\/wp\/v2\/media?parent=275703"}],"wp:term":[{"taxonomy":"category","embeddable":true,"href":"https:\/\/quicosenza.it\/news\/wp-json\/wp\/v2\/categories?post=275703"},{"taxonomy":"post_tag","embeddable":true,"href":"https:\/\/quicosenza.it\/news\/wp-json\/wp\/v2\/tags?post=275703"}],"curies":[{"name":"wp","href":"https:\/\/api.w.org\/{rel}","templated":true}]}}