{"id":27598,"date":"2013-11-16T22:21:16","date_gmt":"2013-11-16T21:21:16","guid":{"rendered":"https:\/\/www.quicosenza.it\/news\/?p=27598"},"modified":"2023-01-17T13:25:02","modified_gmt":"2023-01-17T12:25:02","slug":"11457-femmina-bella-e-per-belen","status":"publish","type":"post","link":"https:\/\/quicosenza.it\/news\/11457-femmina-bella-e-per-belen\/","title":{"rendered":"&#8220;Femmina Bella&#8221; \u00e8 per Belen"},"content":{"rendered":"<p>&#8220;Belen incider\u00e0 in spagnolo Femmina Bella brano scritto Da me per la mitica Marcella Bella.<\/p>\n<p>  <!--more-->  <\/p>\n<p>Versione pop dance. A presto. Kisssssssss&#8221;. Ad Annunciarlo, su Twitter, \u00e8 Cristiano Malgioglio, paroliere delle signore della musica italiana che conferma: &#8220;Ci siamo incontrati e abbiamo parlato di questa canzone, perfetta per lei, anche se \u00e8 un po&#8217; spaventata dalle critiche&#8221;. &#8220;Sono sicuro che &#8216;Femina Bella&#8217; sia una canzone molto adatta a Belen &#8211; racconta &#8211; a me lei piace tantissimo, \u00e8 bella e carismatica e ha anche una voce interessante. Certo non \u00e8 Maria Callas o Giuni Russo, ma ha un timbro sensuale, molto di pi\u00f9 di altre cagne che invece si sentono delle cantanti. So che \u00e8 in sala di incisione, e che sta pensando anche a questo brano. Ci siamo sentiti recentemente e mi ha detto di &#8216;aspettare ancora un po&#8217;, ha paura delle critiche&#8221;. Malgioglio \u00e8 felice di essere tornato a lavorare dopo vent&#8217;anni con Raffaella Carr\u00e0, che nell&#8217;ultimo cd ha inserito un suo brano, &#8220;Il lupo&#8221;, anche se traspare un po&#8217; di delusione: &#8220;Era una canzone destinata a Mina e poi l&#8217;ha voluta Raffaella che reputo una grande professionista, credo che il mio sia il brano pi\u00f9 bello di tutto l&#8217;album. Sono molto orgoglioso che la Carr\u00e0 abbia scelto un mio pezzo, ma anche un po&#8217; dispiaciuto per la poca attenzione che Raffaella gli ha riservato, puntando soprattutto su quello della Nannini &#8216;Cha Cha Ciao&#8217;&#8230; robe da Zecchino d&#8217;oro&#8221;.<\/p>\n","protected":false},"excerpt":{"rendered":"<p>&#8220;Belen incider\u00e0 in spagnolo Femmina Bella brano scritto Da me per la mitica Marcella Bella.<\/p>\n","protected":false},"author":20,"featured_media":27599,"comment_status":"open","ping_status":"open","sticky":false,"template":"","format":"standard","meta":{"_acf_changed":false,"footnotes":"","jetpack_publicize_message":"","jetpack_publicize_feature_enabled":true,"jetpack_social_post_already_shared":false,"jetpack_social_options":{"image_generator_settings":{"template":"highway","default_image_id":0,"font":"","enabled":false},"version":2}},"categories":[548,40,34],"tags":[],"class_list":["post-27598","post","type-post","status-publish","format-standard","has-post-thumbnail","hentry","category-archivio-storico-news","category-cultura-spettacolo","category-magazine"],"acf":[],"jetpack_publicize_connections":[],"_links":{"self":[{"href":"https:\/\/quicosenza.it\/news\/wp-json\/wp\/v2\/posts\/27598","targetHints":{"allow":["GET"]}}],"collection":[{"href":"https:\/\/quicosenza.it\/news\/wp-json\/wp\/v2\/posts"}],"about":[{"href":"https:\/\/quicosenza.it\/news\/wp-json\/wp\/v2\/types\/post"}],"author":[{"embeddable":true,"href":"https:\/\/quicosenza.it\/news\/wp-json\/wp\/v2\/users\/20"}],"replies":[{"embeddable":true,"href":"https:\/\/quicosenza.it\/news\/wp-json\/wp\/v2\/comments?post=27598"}],"version-history":[{"count":0,"href":"https:\/\/quicosenza.it\/news\/wp-json\/wp\/v2\/posts\/27598\/revisions"}],"wp:featuredmedia":[{"embeddable":true,"href":"https:\/\/quicosenza.it\/news\/wp-json\/wp\/v2\/media\/27599"}],"wp:attachment":[{"href":"https:\/\/quicosenza.it\/news\/wp-json\/wp\/v2\/media?parent=27598"}],"wp:term":[{"taxonomy":"category","embeddable":true,"href":"https:\/\/quicosenza.it\/news\/wp-json\/wp\/v2\/categories?post=27598"},{"taxonomy":"post_tag","embeddable":true,"href":"https:\/\/quicosenza.it\/news\/wp-json\/wp\/v2\/tags?post=27598"}],"curies":[{"name":"wp","href":"https:\/\/api.w.org\/{rel}","templated":true}]}}