{"id":276243,"date":"2025-11-23T14:00:52","date_gmt":"2025-11-23T13:00:52","guid":{"rendered":"https:\/\/quicosenza.it\/news\/?p=276243"},"modified":"2025-11-21T08:55:36","modified_gmt":"2025-11-21T07:55:36","slug":"cosenza-corteo-violenza-fondazione-lanzino","status":"publish","type":"post","link":"https:\/\/quicosenza.it\/news\/cosenza-corteo-violenza-fondazione-lanzino\/","title":{"rendered":"Cosenza, un corteo silenzioso contro la violenza di genere: Fondazione \u201cLanzino\u201d guida la XVII edizione"},"content":{"rendered":"<p>COSENZA &#8211; In occasione della <a href=\"https:\/\/it.wikipedia.org\/wiki\/Giornata_internazionale_per_l%27eliminazione_della_violenza_contro_le_donne\" rel=\"noopener\">Giornata<\/a> internazionale contro la<strong> violenza<\/strong> sulle donne, la <a href=\"https:\/\/www.facebook.com\/Fondazionerobertalanzino?locale=it_IT\" rel=\"noopener\">Fondazione<\/a> &#8220;Roberta Lanzino&#8221; annuncia per marted\u00ec 25 novembre a <strong>Cosenza,<\/strong> la XVII edizione del \u201c<strong>Corteo silenzioso ragazze e ragazzi insieme contro la violenza alle donne e ai minori<\/strong>\u201d.<\/p>\n<h3>Corteo contro la violenza<\/h3>\n<p>Un lungo percorso attraverso la citt\u00e0, attraversato da oltre un migliaio di studenti e studentesse, che in silenzio diranno ancora una volta basta alla violenza di genere. \u00abLa loro arma sar\u00e0 il silenzio, perch\u00e9 il silenzio ha la capacit\u00e0 di gridare pi\u00f9 di qualsiasi urlo lacerante\u00bb, sottolineano gli organizzatori.\u00a0L\u2019iniziativa rappresenta uno dei momenti centrali del Progetto \u201cAprite le finestre\u201d, finanziato da ActionAid Italia ETS e Fondazione Realizza il Cambiamento e promosso dalla Fondazione Roberta Lanzino nell\u2019ambito del programma europeo \u201cNORA against GBV\u201d.<\/p>\n<p>A guidare il corteo sar\u00e0 la presidente <strong>Matilde Lanzino<\/strong>, che ricorda <strong>l\u2019impegno della Fondazione con le scuole<\/strong>: \u00abDa anni \u2013 e la Calabria lo sa \u2013 lavoriamo su un tema cos\u00ec delicato in collaborazione con gli istituti. Ed \u00e8 sempre necessario, e forse oggi lo \u00e8 pi\u00f9 che mai, rivolgere al Pianeta Giovani la nostra affettuosa attenzione\u00bb. Per Lanzino, il <strong>coinvolgimento delle scuole<\/strong> permette di raggiungere una platea ampia e, allo stesso tempo, \u00abdi affiancare ai percorsi di studio la nostra opera di sensibilizzazione, proiettata a dare fiducia, ad alimentare sogni, a costruire conoscenza e senso critico sul tema cos\u00ec delicato della violenza di genere\u00bb.<\/p>\n<p>Il <strong>corteo<\/strong>, accompagnato dalle forze dell\u2019ordine, <strong>partir\u00e0 alle 11:30 dal piazzale del Liceo Scorza per concludersi in Piazza XI Settembre<\/strong>, dove si terranno i saluti istituzionali. Prima della partenza \u00e8 previsto un incontro nell\u2019Aula Magna dello stesso liceo, alla presenza della dirigente scolastica Rosanna Rizzo, dei rappresentanti della Fondazione e di esperti del tema scelto per la XX edizione della <a href=\"https:\/\/quicosenza.it\/news\/aprite-le-finestre-va-avanti-il-progetto-della-fondazione-roberta-lanzino-rivolto-alle-donne\/\">Borsa di Studio \u201cRoberta Lanzino\u201d<\/a>: \u201cLa rete dell\u2019inganno: cortocircuito virtuale della manipolazione invisibile\u201d. In questa occasione avverr\u00e0 anche la premiazione dei lavori vincitori. \u00abLa manifestazione \u2013 ribadisce Matilde Lanzino \u2013 \u00e8 il momento culminante di un cammino di consapevolezza, finalizzato a far conoscere e condividere il tema della parit\u00e0 e delle pari opportunit\u00e0\u00bb.<\/p>\n","protected":false},"excerpt":{"rendered":"<p>Un corteo contro la violenza. Studenti di Cosenza attraverseranno la citt\u00e0 in silenzio. La presidente Matilde Lanzino: \u201cIl silenzio pu\u00f2 gridare pi\u00f9 di qualsiasi urlo&#8221;<\/p>\n","protected":false},"author":42,"featured_media":160710,"comment_status":"closed","ping_status":"closed","sticky":false,"template":"","format":"standard","meta":{"_acf_changed":false,"footnotes":"","jetpack_publicize_message":"","jetpack_publicize_feature_enabled":true,"jetpack_social_post_already_shared":false,"jetpack_social_options":{"image_generator_settings":{"template":"highway","default_image_id":0,"font":"","enabled":false},"version":2}},"categories":[563,42],"tags":[],"class_list":["post-276243","post","type-post","status-publish","format-standard","has-post-thumbnail","hentry","category-area-urbana","category-cosenza"],"acf":[],"jetpack_publicize_connections":[],"_links":{"self":[{"href":"https:\/\/quicosenza.it\/news\/wp-json\/wp\/v2\/posts\/276243","targetHints":{"allow":["GET"]}}],"collection":[{"href":"https:\/\/quicosenza.it\/news\/wp-json\/wp\/v2\/posts"}],"about":[{"href":"https:\/\/quicosenza.it\/news\/wp-json\/wp\/v2\/types\/post"}],"author":[{"embeddable":true,"href":"https:\/\/quicosenza.it\/news\/wp-json\/wp\/v2\/users\/42"}],"replies":[{"embeddable":true,"href":"https:\/\/quicosenza.it\/news\/wp-json\/wp\/v2\/comments?post=276243"}],"version-history":[{"count":0,"href":"https:\/\/quicosenza.it\/news\/wp-json\/wp\/v2\/posts\/276243\/revisions"}],"wp:featuredmedia":[{"embeddable":true,"href":"https:\/\/quicosenza.it\/news\/wp-json\/wp\/v2\/media\/160710"}],"wp:attachment":[{"href":"https:\/\/quicosenza.it\/news\/wp-json\/wp\/v2\/media?parent=276243"}],"wp:term":[{"taxonomy":"category","embeddable":true,"href":"https:\/\/quicosenza.it\/news\/wp-json\/wp\/v2\/categories?post=276243"},{"taxonomy":"post_tag","embeddable":true,"href":"https:\/\/quicosenza.it\/news\/wp-json\/wp\/v2\/tags?post=276243"}],"curies":[{"name":"wp","href":"https:\/\/api.w.org\/{rel}","templated":true}]}}